{"id":526,"date":"2020-09-14T17:14:44","date_gmt":"2020-09-14T20:14:44","guid":{"rendered":"https:\/\/capsexpress.com.br\/blog\/?p=526"},"modified":"2024-10-08T15:29:40","modified_gmt":"2024-10-08T18:29:40","slug":"nutricao-cabelos-unhas","status":"publish","type":"post","link":"https:\/\/capsexpress.com.br\/blog\/nutricao-cabelos-unhas\/","title":{"rendered":"Nutri\u00e7\u00e3o dos cabelos e unhas: confira vitaminas  e minerais essenciais"},"content":{"rendered":"\n<p class=\"has-text-align-left\">Hoje em dia, por mais que voc\u00ea tenha uma boa alimenta\u00e7\u00e3o, dificilmente conseguir\u00e1 tudo o que o corpo precisa atrav\u00e9s apenas disso, e para a nutri\u00e7\u00e3o dos cabelos e unhas, \u00e9 preciso que voc\u00ea tome vitaminas e minerais essenciais.&nbsp;<\/p>\n\n\n\n<figure class=\"wp-block-image aligncenter size-large is-resized\"><img fetchpriority=\"high\" decoding=\"async\" width=\"1024\" height=\"694\" src=\"https:\/\/capsexpress.com.br\/blog\/wp-content\/uploads\/2020\/09\/Nutricao-cabelos-pele-unhas-scaled-e1689815955738-1024x694.jpg\" alt=\"Imagem vetor representando pote de vitaminas e minerais  a nutri\u00e7\u00e3o dos cabelos, pele e unha.\" class=\"wp-image-3249\" style=\"width:640px;height:434px\" srcset=\"https:\/\/capsexpress.com.br\/blog\/wp-content\/uploads\/2020\/09\/Nutricao-cabelos-pele-unhas-scaled-e1689815955738-1024x694.jpg 1024w, https:\/\/capsexpress.com.br\/blog\/wp-content\/uploads\/2020\/09\/Nutricao-cabelos-pele-unhas-scaled-e1689815955738-300x203.jpg 300w, https:\/\/capsexpress.com.br\/blog\/wp-content\/uploads\/2020\/09\/Nutricao-cabelos-pele-unhas-scaled-e1689815955738-768x520.jpg 768w, https:\/\/capsexpress.com.br\/blog\/wp-content\/uploads\/2020\/09\/Nutricao-cabelos-pele-unhas-scaled-e1689815955738-1536x1040.jpg 1536w, https:\/\/capsexpress.com.br\/blog\/wp-content\/uploads\/2020\/09\/Nutricao-cabelos-pele-unhas-scaled-e1689815955738-2048x1387.jpg 2048w\" sizes=\"(max-width: 1024px) 100vw, 1024px\" \/><\/figure>\n\n\n\n<div style=\"height:20px\" aria-hidden=\"true\" class=\"wp-block-spacer\"><\/div>\n\n\n\n<p>Uma dieta equilibrada \u00e9 fundamental, pois \u00e9 a car\u00eancia de minerais e vitaminas pode gerar a perda de um aspecto saud\u00e1vel dos cabelos e da pele.<\/p>\n\n\n\n<p>Mas \u00e9 importante ressaltar que no caso dos cabelos, dependendo, os danos f\u00edsicos causados pela temperatura de secador ou chapinha, e o dano qu\u00edmico (por tinturas, alisamentos, relaxamentos e etc) n\u00e3o s\u00e3o revertidos pelo o que se adquire atrav\u00e9s de dieta ou suplementa\u00e7\u00e3o, \u00e9 cuidando aos poucos que ele se torna melhor e evitando esses danos.<\/p>\n\n\n\n<p class=\"has-text-align-left\">No post de hoje voc\u00ea ter\u00e1 informa\u00e7\u00f5es sobre o porque seu cabelo necessita de vitaminas e minerais, al\u00e9m dos alimentos que voc\u00ea encontra com os mesmos.<\/p>\n\n\n\n<div id=\"ez-toc-container\" class=\"ez-toc-v2_0_82_2 counter-hierarchy ez-toc-counter ez-toc-custom ez-toc-container-direction\">\n<div class=\"ez-toc-title-container\">\n<p class=\"ez-toc-title\" style=\"cursor:inherit\">Sum\u00e1rio<\/p>\n<span class=\"ez-toc-title-toggle\"><\/span><\/div>\n<nav><ul class='ez-toc-list ez-toc-list-level-1 ' ><li class='ez-toc-page-1 ez-toc-heading-level-2'><a class=\"ez-toc-link ez-toc-heading-1\" href=\"https:\/\/capsexpress.com.br\/blog\/nutricao-cabelos-unhas\/#O_que_sao_as_vitaminas_e_minerais_essencias_para_a_nutricao_dos_cabelos_e_unhas\" >O que s\u00e3o as vitaminas e minerais ess\u00eancias para a nutri\u00e7\u00e3o dos cabelos e unhas?<\/a><ul class='ez-toc-list-level-3' ><li class='ez-toc-heading-level-3'><a class=\"ez-toc-link ez-toc-heading-2\" href=\"https:\/\/capsexpress.com.br\/blog\/nutricao-cabelos-unhas\/#Vitamina_A_Acetato_de_retinol\" >Vitamina A (Acetato de retinol)<\/a><\/li><li class='ez-toc-page-1 ez-toc-heading-level-3'><a class=\"ez-toc-link ez-toc-heading-3\" href=\"https:\/\/capsexpress.com.br\/blog\/nutricao-cabelos-unhas\/#Vitamina_B2_Riboflavina\" >Vitamina B2 (Riboflavina)<\/a><\/li><li class='ez-toc-page-1 ez-toc-heading-level-3'><a class=\"ez-toc-link ez-toc-heading-4\" href=\"https:\/\/capsexpress.com.br\/blog\/nutricao-cabelos-unhas\/#Vitamina_B3_Niacina\" >Vitamina B3 (Niacina)<\/a><\/li><li class='ez-toc-page-1 ez-toc-heading-level-3'><a class=\"ez-toc-link ez-toc-heading-5\" href=\"https:\/\/capsexpress.com.br\/blog\/nutricao-cabelos-unhas\/#Vitamina_B6_Cloridrato_de_piridoxina\" >Vitamina B6 (Cloridrato de piridoxina)<\/a><\/li><li class='ez-toc-page-1 ez-toc-heading-level-3'><a class=\"ez-toc-link ez-toc-heading-6\" href=\"https:\/\/capsexpress.com.br\/blog\/nutricao-cabelos-unhas\/#Vitamina_H_Biotina\" >Vitamina H (Biotina)<\/a><\/li><li class='ez-toc-page-1 ez-toc-heading-level-3'><a class=\"ez-toc-link ez-toc-heading-7\" href=\"https:\/\/capsexpress.com.br\/blog\/nutricao-cabelos-unhas\/#Vitamina_B9_Acido_Folico\" >Vitamina B9 (\u00c1cido F\u00f3lico)<\/a><\/li><li class='ez-toc-page-1 ez-toc-heading-level-3'><a class=\"ez-toc-link ez-toc-heading-8\" href=\"https:\/\/capsexpress.com.br\/blog\/nutricao-cabelos-unhas\/#Vitamina_B12_Cianocobalamina\" >Vitamina B12 (Cianocobalamina)<\/a><\/li><li class='ez-toc-page-1 ez-toc-heading-level-3'><a class=\"ez-toc-link ez-toc-heading-9\" href=\"https:\/\/capsexpress.com.br\/blog\/nutricao-cabelos-unhas\/#Vitamina_C_Acido_ascorbico\" >Vitamina C (\u00c1cido asc\u00f3rbico)<\/a><\/li><li class='ez-toc-page-1 ez-toc-heading-level-3'><a class=\"ez-toc-link ez-toc-heading-10\" href=\"https:\/\/capsexpress.com.br\/blog\/nutricao-cabelos-unhas\/#Vitamina_D_Colecalciferol\" >Vitamina D (Colecalciferol)<\/a><\/li><li class='ez-toc-page-1 ez-toc-heading-level-3'><a class=\"ez-toc-link ez-toc-heading-11\" href=\"https:\/\/capsexpress.com.br\/blog\/nutricao-cabelos-unhas\/#Vitamina_E_Tocoferol\" >Vitamina E (Tocoferol)<\/a><\/li><\/ul><\/li><li class='ez-toc-page-1 ez-toc-heading-level-2'><a class=\"ez-toc-link ez-toc-heading-12\" href=\"https:\/\/capsexpress.com.br\/blog\/nutricao-cabelos-unhas\/#Para_os_donos_de_encapsulados_proprios\" >Para os donos de encapsulados pr\u00f3prios<\/a><\/li><li class='ez-toc-page-1 ez-toc-heading-level-2'><a class=\"ez-toc-link ez-toc-heading-13\" href=\"https:\/\/capsexpress.com.br\/blog\/nutricao-cabelos-unhas\/#Os_minerais_para_a_nutricao_dos_cabelos_e_unhas\" >Os minerais para a nutri\u00e7\u00e3o dos cabelos e unhas<\/a><ul class='ez-toc-list-level-3' ><li class='ez-toc-heading-level-3'><a class=\"ez-toc-link ez-toc-heading-14\" href=\"https:\/\/capsexpress.com.br\/blog\/nutricao-cabelos-unhas\/#Calcio\" >C\u00e1lcio<\/a><\/li><li class='ez-toc-page-1 ez-toc-heading-level-3'><a class=\"ez-toc-link ez-toc-heading-15\" href=\"https:\/\/capsexpress.com.br\/blog\/nutricao-cabelos-unhas\/#Cobre\" >Cobre<\/a><\/li><li class='ez-toc-page-1 ez-toc-heading-level-3'><a class=\"ez-toc-link ez-toc-heading-16\" href=\"https:\/\/capsexpress.com.br\/blog\/nutricao-cabelos-unhas\/#Ferro\" >Ferro<\/a><\/li><li class='ez-toc-page-1 ez-toc-heading-level-3'><a class=\"ez-toc-link ez-toc-heading-17\" href=\"https:\/\/capsexpress.com.br\/blog\/nutricao-cabelos-unhas\/#Magnesio\" >Magn\u00e9sio<\/a><\/li><li class='ez-toc-page-1 ez-toc-heading-level-3'><a class=\"ez-toc-link ez-toc-heading-18\" href=\"https:\/\/capsexpress.com.br\/blog\/nutricao-cabelos-unhas\/#Manganes\" >Mangan\u00eas<\/a><\/li><li class='ez-toc-page-1 ez-toc-heading-level-3'><a class=\"ez-toc-link ez-toc-heading-19\" href=\"https:\/\/capsexpress.com.br\/blog\/nutricao-cabelos-unhas\/#Selenio\" >Sel\u00eanio<\/a><\/li><li class='ez-toc-page-1 ez-toc-heading-level-3'><a class=\"ez-toc-link ez-toc-heading-20\" href=\"https:\/\/capsexpress.com.br\/blog\/nutricao-cabelos-unhas\/#Zinco\" >Zinco<\/a><\/li><\/ul><\/li><li class='ez-toc-page-1 ez-toc-heading-level-2'><a class=\"ez-toc-link ez-toc-heading-21\" href=\"https:\/\/capsexpress.com.br\/blog\/nutricao-cabelos-unhas\/#Conclusao\" >Conclus\u00e3o<\/a><\/li><\/ul><\/nav><\/div>\n<h2 class=\"wp-block-heading has-text-align-left\"><span class=\"ez-toc-section\" id=\"O_que_sao_as_vitaminas_e_minerais_essencias_para_a_nutricao_dos_cabelos_e_unhas\"><\/span>O que s\u00e3o as vitaminas e minerais ess\u00eancias para a nutri\u00e7\u00e3o dos cabelos e unhas?<span class=\"ez-toc-section-end\"><\/span><\/h2>\n\n\n\n<figure class=\"wp-block-image aligncenter size-large is-resized\"><img decoding=\"async\" width=\"1024\" height=\"731\" src=\"https:\/\/capsexpress.com.br\/blog\/wp-content\/uploads\/2020\/09\/Vitaminas-nutricao-cabelo-unhas-1024x731.jpg\" alt=\"Imagem representa\u00e7\u00e3o vitaminas para nutri\u00e7\u00e3o dos cabelo e unhas.\" class=\"wp-image-3250\" style=\"width:685px;height:488px\" srcset=\"https:\/\/capsexpress.com.br\/blog\/wp-content\/uploads\/2020\/09\/Vitaminas-nutricao-cabelo-unhas-1024x731.jpg 1024w, https:\/\/capsexpress.com.br\/blog\/wp-content\/uploads\/2020\/09\/Vitaminas-nutricao-cabelo-unhas-300x214.jpg 300w, https:\/\/capsexpress.com.br\/blog\/wp-content\/uploads\/2020\/09\/Vitaminas-nutricao-cabelo-unhas-768x549.jpg 768w, https:\/\/capsexpress.com.br\/blog\/wp-content\/uploads\/2020\/09\/Vitaminas-nutricao-cabelo-unhas-1536x1097.jpg 1536w, https:\/\/capsexpress.com.br\/blog\/wp-content\/uploads\/2020\/09\/Vitaminas-nutricao-cabelo-unhas-2048x1463.jpg 2048w\" sizes=\"(max-width: 1024px) 100vw, 1024px\" \/><\/figure>\n\n\n\n<div style=\"height:10px\" aria-hidden=\"true\" class=\"wp-block-spacer\"><\/div>\n\n\n\n<p class=\"has-text-align-left\">S\u00e3o constitu\u00eddas por uma variedade de nutrientes em propor\u00e7\u00f5es consideradas \u00f3timas para esse tipo de manuten\u00e7\u00e3o da sua beleza e sa\u00fade, desempenhando a fun\u00e7\u00e3o de forma\u00e7\u00e3o, resist\u00eancia e conserva\u00e7\u00e3o.<\/p>\n\n\n\n<p class=\"has-text-align-left\">A falta de hidrata\u00e7\u00e3o e nutri\u00e7\u00e3o, o avan\u00e7o da idade e a exist\u00eancia de doen\u00e7as refletem em mudan\u00e7as no couro cabeludo que fazem com que os cabelos mudem de cor e enfraque\u00e7am.<\/p>\n\n\n\n<p class=\"has-text-align-left\">O mesmo acontece com as unhas, onde o surgimento de um ou mais dos fatores citados pode produzir altera\u00e7\u00f5es vis\u00edveis na unha externa. <\/p>\n\n\n\n<p class=\"has-text-align-left\">Portanto, as vitaminas e minerais desempenham fun\u00e7\u00f5es importantes para forma\u00e7\u00e3o e manuten\u00e7\u00e3o dos cabelos, pele e unhas.<\/p>\n\n\n\n<p>As vitaminas s\u00e3o de A at\u00e9 E, e diversos minerais, e cada um possui sua fun\u00e7\u00e3o, confira!<\/p>\n\n\n\n<h3 class=\"wp-block-heading has-text-align-left\"><span class=\"ez-toc-section\" id=\"Vitamina_A_Acetato_de_retinol\"><\/span>Vitamina A (Acetato de retinol<strong>)<\/strong><span class=\"ez-toc-section-end\"><\/span><\/h3>\n\n\n\n<p class=\"has-text-align-left\">\u00c9 um importante antioxidante que coopera para a manuten\u00e7\u00e3o da pele saud\u00e1vel. Auxilia tamb\u00e9m no metabolismo do ferro, um mineral important\u00edssimo para a produ\u00e7\u00e3o das c\u00e9lulas do sangue (hem\u00e1cias) respons\u00e1veis por levar oxig\u00eanio para todo nosso organismo, desde o couro cabeludo at\u00e9 as pontas dos dedos onde est\u00e3o as unhas. <\/p>\n\n\n\n<p class=\"has-text-align-left\">Al\u00e9m disso, essa vitamina \u00e9 essencial no funcionamento do sistema imunol\u00f3gico, ajudando na vis\u00e3o.<\/p>\n\n\n\n<h3 class=\"wp-block-heading\"><span class=\"ez-toc-section\" id=\"Vitamina_B2_Riboflavina\"><\/span>Vitamina B2 (Riboflavina)<span class=\"ez-toc-section-end\"><\/span><\/h3>\n\n\n\n<p class=\"has-text-align-left\">Um dos maiores contribuintes na manuten\u00e7\u00e3o da pele e de mucosas, al\u00e9m disso, a riboflavina auxilia na prote\u00e7\u00e3o dos danos causados pelos radicais livres. Em conjunto com a Vitamina A, ajuda na forma\u00e7\u00e3o das hem\u00e1cias.<\/p>\n\n\n\n<h3 class=\"wp-block-heading\"><span class=\"ez-toc-section\" id=\"Vitamina_B3_Niacina\"><\/span>Vitamina B3 (Niacina)<span class=\"ez-toc-section-end\"><\/span><\/h3>\n\n\n\n<p>Mais uma contribuinte na conserva\u00e7\u00e3o da pele e mucosas, tem potencial no crescimento capilar, desempenha um papel central tamb\u00e9m no metabolismo energ\u00e9tico celular e como tecido apresenta r\u00e1pida prolifera\u00e7\u00e3o. <\/p>\n\n\n\n<p>Segundo a&nbsp; ANVISA, a Vitamina B3 auxilia no metabolismo energ\u00e9tico e de prote\u00ednas, carboidratos e gorduras. A defici\u00eancia rigorosa de niacina conhecida como pelagra pode causar dermatite hiperpigmentada.<\/p>\n\n\n\n<h3 class=\"wp-block-heading\"><span class=\"ez-toc-section\" id=\"Vitamina_B6_Cloridrato_de_piridoxina\"><\/span>Vitamina B6 (Cloridrato de piridoxina)<span class=\"ez-toc-section-end\"><\/span><\/h3>\n\n\n\n<p>Atua como cofator enzim\u00e1tico na s\u00edntese de queratina, assim sendo capaz de auxiliar na pigmenta\u00e7\u00e3o escura dos novos fios de cabelo. O cloridrato de piridoxina \u00e9 essencial no funcionamento do sistema imune.<\/p>\n\n\n\n<h3 class=\"wp-block-heading\"><span class=\"ez-toc-section\" id=\"Vitamina_H_Biotina\"><\/span>Vitamina H (Biotina)<span class=\"ez-toc-section-end\"><\/span><\/h3>\n\n\n\n<p>Principal vitamina, pois \u00e9 ela que faz tudo funcionar direitinho na sa\u00fade, na beleza e na nutri\u00e7\u00e3o dos cabelos, peles e unhas, contribuindo para a conserva\u00e7\u00e3o destes. <\/p>\n\n\n\n<p>Respons\u00e1vel pela s\u00edntese de queratina, \u00e9 essencial na forma\u00e7\u00e3o dos novos fios de cabelos e unhas saud\u00e1veis. <\/p>\n\n\n\n<p>A car\u00eancia da mesma pode desencadear ou piorar a seborreia causando inflama\u00e7\u00e3o do couro cabeludo, caspa e oleosidade nos cabelos. Apresenta um efeito ben\u00e9fico para evitar unhas quebradi\u00e7as e fracas, a biotina auxilia no metabolismo de prote\u00ednas, carboidratos e gorduras.<\/p>\n\n\n\n<h3 class=\"wp-block-heading\"><span class=\"ez-toc-section\" id=\"Vitamina_B9_Acido_Folico\"><\/span>Vitamina B9 (\u00c1cido F\u00f3lico)<span class=\"ez-toc-section-end\"><\/span><\/h3>\n\n\n\n<p>Ajuda a melhorar a resist\u00eancia e manter nosso organismo saud\u00e1vel. O \u00e1cido f\u00f3lico auxilia na s\u00edntese de amino\u00e1cidos para o desenvolvimento da queratina presente na composi\u00e7\u00e3o das unhas e dos cabelos.<\/p>\n\n\n\n<h3 class=\"wp-block-heading\"><span class=\"ez-toc-section\" id=\"Vitamina_B12_Cianocobalamina\"><\/span>Vitamina B12 (Cianocobalamina)<span class=\"ez-toc-section-end\"><\/span><\/h3>\n\n\n\n<p>A falta dessa vitamina no organismo favorece o aparecimento de cabelos grisalhos associado com anemia perniciosa. <\/p>\n\n\n\n<p>A suplementa\u00e7\u00e3o combinada de vitamina B12 e \u00c1cido f\u00f3lico com banho sol \u00e9 eficiente em<a href=\"https:\/\/www.sbd.org.br\/doencas\/vitiligo\/\" target=\"_blank\" rel=\"noreferrer noopener\"> casos de vitiligo<\/a> e auxilia na pigmenta\u00e7\u00e3o da pele.<\/p>\n\n\n\n<h3 class=\"wp-block-heading\"><span class=\"ez-toc-section\" id=\"Vitamina_C_Acido_ascorbico\"><\/span>Vitamina C (\u00c1cido asc\u00f3rbico)<span class=\"ez-toc-section-end\"><\/span><\/h3>\n\n\n\n<p>Muito importante para nosso organismo est\u00e1 relacionada com a produ\u00e7\u00e3o de col\u00e1geno, absor\u00e7\u00e3o de ferro e melhora do sistema imune. A vitamina C \u00e9 um antioxidante que auxilia na prote\u00e7\u00e3o dos danos causados pelos radicais livres e sua defici\u00eancia causa altera\u00e7\u00f5es na forma e cor das unhas, deixando-as fracas e quebradi\u00e7as.<\/p>\n\n\n\n<h3 class=\"wp-block-heading\"><span class=\"ez-toc-section\" id=\"Vitamina_D_Colecalciferol\"><\/span>Vitamina D (Colecalciferol)<span class=\"ez-toc-section-end\"><\/span><\/h3>\n\n\n\n<p>\u00c9 um nutriente essencial que nosso corpo utiliza em muitos processos vitais, incluindo a constru\u00e7\u00e3o e manuten\u00e7\u00e3o de ossos fortes, n\u00edveis de c\u00e1lcio no sangue e dentes. <\/p>\n\n\n\n<p>Ajuda no funcionamento do sistema imune. Ela pode ser absorvida principalmente atrav\u00e9s da exposi\u00e7\u00e3o a luz solar.<\/p>\n\n\n\n<h3 class=\"wp-block-heading\"><span class=\"ez-toc-section\" id=\"Vitamina_E_Tocoferol\"><\/span>Vitamina E (Tocoferol)<span class=\"ez-toc-section-end\"><\/span><\/h3>\n\n\n\n<p>Importante antioxidante que auxilia na prote\u00e7\u00e3o dos danos causados pelos radicais livres, ainda estimula a circula\u00e7\u00e3o sangu\u00ednea no couro cabeludo, importante para a nutri\u00e7\u00e3o do mesmo.<\/p>\n\n\n\n<h2 class=\"wp-block-heading\"><span class=\"ez-toc-section\" id=\"Para_os_donos_de_encapsulados_proprios\"><\/span>Para os donos de encapsulados pr\u00f3prios<span class=\"ez-toc-section-end\"><\/span><\/h2>\n\n\n\n<p>Aqui na Capsexpress, <a href=\"https:\/\/capsexpress.com.br\/blog\/porque-produzir-seu-suplemento-para-cabelo-pele-e-unha-em-gummies\/\" target=\"_blank\" rel=\"noreferrer noopener\">fabricamos o seu suplemento para cabelo, pele e unhas<\/a> com a maior qualidade do mercado, garantindo seguran\u00e7a e benef\u00edcios para quem faz o uso.<\/p>\n\n\n\n<p>Confira abaixo exemplos de embalagens de encapsulados que temos para o seu suplemento.<\/p>\n\n\n\n<div class=\"wp-block-columns is-layout-flex wp-container-core-columns-is-layout-28f84493 wp-block-columns-is-layout-flex\">\n<div class=\"wp-block-column is-layout-flow wp-block-column-is-layout-flow\">\n<figure class=\"wp-block-image size-large is-resized\"><img decoding=\"async\" width=\"1024\" height=\"1024\" src=\"https:\/\/capsexpress.com.br\/blog\/wp-content\/uploads\/2020\/09\/mockup-exemplo-para-produto-multivitaminico-pote-1024x1024.jpeg\" alt=\"\" class=\"wp-image-532\" style=\"width:241px;height:241px\" srcset=\"https:\/\/capsexpress.com.br\/blog\/wp-content\/uploads\/2020\/09\/mockup-exemplo-para-produto-multivitaminico-pote-1024x1024.jpeg 1024w, https:\/\/capsexpress.com.br\/blog\/wp-content\/uploads\/2020\/09\/mockup-exemplo-para-produto-multivitaminico-pote-300x300.jpeg 300w, https:\/\/capsexpress.com.br\/blog\/wp-content\/uploads\/2020\/09\/mockup-exemplo-para-produto-multivitaminico-pote-150x150.jpeg 150w, https:\/\/capsexpress.com.br\/blog\/wp-content\/uploads\/2020\/09\/mockup-exemplo-para-produto-multivitaminico-pote-768x768.jpeg 768w, https:\/\/capsexpress.com.br\/blog\/wp-content\/uploads\/2020\/09\/mockup-exemplo-para-produto-multivitaminico-pote.jpeg 1280w\" sizes=\"(max-width: 1024px) 100vw, 1024px\" \/><figcaption class=\"wp-element-caption\"><em><span class=\"has-inline-color has-header-gradient-color\">Exemplo de layout de um produto multivitam\u00ednico que voc\u00ea pode elaborar juntamente com a Capsexpress<\/span><\/em><\/figcaption><\/figure>\n<\/div>\n\n\n\n<div class=\"wp-block-column is-layout-flow wp-block-column-is-layout-flow\">\n<figure class=\"wp-block-image size-large is-resized\"><img loading=\"lazy\" decoding=\"async\" width=\"1024\" height=\"901\" src=\"https:\/\/capsexpress.com.br\/blog\/wp-content\/uploads\/2020\/09\/mockup-exemplo-para-produto-multivitaminico-caixa-1024x901.jpeg\" alt=\"\" class=\"wp-image-533\" style=\"width:272px;height:240px\" srcset=\"https:\/\/capsexpress.com.br\/blog\/wp-content\/uploads\/2020\/09\/mockup-exemplo-para-produto-multivitaminico-caixa-1024x901.jpeg 1024w, https:\/\/capsexpress.com.br\/blog\/wp-content\/uploads\/2020\/09\/mockup-exemplo-para-produto-multivitaminico-caixa-300x264.jpeg 300w, https:\/\/capsexpress.com.br\/blog\/wp-content\/uploads\/2020\/09\/mockup-exemplo-para-produto-multivitaminico-caixa-768x676.jpeg 768w, https:\/\/capsexpress.com.br\/blog\/wp-content\/uploads\/2020\/09\/mockup-exemplo-para-produto-multivitaminico-caixa.jpeg 1280w\" sizes=\"(max-width: 1024px) 100vw, 1024px\" \/><figcaption class=\"wp-element-caption\"><mark style=\"background-color:rgba(0, 0, 0, 0)\" class=\"has-inline-color has-header-gradient-color\"><em>Al\u00e9m do seu produto ser desenvolvido no pote, voc\u00ea pode incluir uma caixinha com o mesmo layout para acompanhar<\/em><\/mark><\/figcaption><\/figure>\n<\/div>\n<\/div>\n\n\n\n<!-- Begin Brevo Form -->\n<!-- START - We recommend to place the below code in head tag of your website html  -->\n<style>\n  @font-face {\n    font-display: block;\n    font-family: Roboto;\n    src: url(https:\/\/assets.brevo.com\/font\/Roboto\/Latin\/normal\/normal\/7529907e9eaf8ebb5220c5f9850e3811.woff2) format(\"woff2\"), url(https:\/\/assets.brevo.com\/font\/Roboto\/Latin\/normal\/normal\/25c678feafdc175a70922a116c9be3e7.woff) format(\"woff\")\n  }\n\n  @font-face {\n    font-display: fallback;\n    font-family: Roboto;\n    font-weight: 600;\n    src: url(https:\/\/assets.brevo.com\/font\/Roboto\/Latin\/medium\/normal\/6e9caeeafb1f3491be3e32744bc30440.woff2) format(\"woff2\"), url(https:\/\/assets.brevo.com\/font\/Roboto\/Latin\/medium\/normal\/71501f0d8d5aa95960f6475d5487d4c2.woff) format(\"woff\")\n  }\n\n  @font-face {\n    font-display: fallback;\n    font-family: Roboto;\n    font-weight: 700;\n    src: url(https:\/\/assets.brevo.com\/font\/Roboto\/Latin\/bold\/normal\/3ef7cf158f310cf752d5ad08cd0e7e60.woff2) format(\"woff2\"), url(https:\/\/assets.brevo.com\/font\/Roboto\/Latin\/bold\/normal\/ece3a1d82f18b60bcce0211725c476aa.woff) format(\"woff\")\n  }\n\n  #sib-container input:-ms-input-placeholder {\n    text-align: left;\n    font-family: \"Helvetica\", sans-serif;\n    color: #c0ccda;\n  }\n\n  #sib-container input::placeholder {\n    text-align: left;\n    font-family: \"Helvetica\", sans-serif;\n    color: #c0ccda;\n  }\n\n  #sib-container textarea::placeholder {\n    text-align: left;\n    font-family: \"Helvetica\", sans-serif;\n    color: #c0ccda;\n  }\n\n  #sib-container a {\n    text-decoration: underline;\n    color: #2BB2FC;\n  }\n<\/style>\n<link rel=\"stylesheet\" href=\"https:\/\/sibforms.com\/forms\/end-form\/build\/sib-styles.css\">\n<!--  END - We recommend to place the above code in head tag of your website html -->\n\n<!-- START - We recommend to place the below code where you want the form in your website html  -->\n<div class=\"sib-form\" style=\"text-align: center;\n         background-color: #EFF2F7;                                 \">\n  <div id=\"sib-form-container\" class=\"sib-form-container\">\n    <div id=\"error-message\" class=\"sib-form-message-panel\" style=\"font-size:16px; text-align:left; font-family:&quot;Helvetica&quot;, sans-serif; color:#661d1d; background-color:#ffeded; border-radius:3px; border-color:#ff4949;max-width:540px;\">\n      <div class=\"sib-form-message-panel_text sib-form-message-panel_text--center\">\n        <svg viewBox=\"0 0 512 512\" class=\"sib-icon sib-notification__icon\">\n          <path d=\"M256 40c118.621 0 216 96.075 216 216 0 119.291-96.61 216-216 216-119.244 0-216-96.562-216-216 0-119.203 96.602-216 216-216m0-32C119.043 8 8 119.083 8 256c0 136.997 111.043 248 248 248s248-111.003 248-248C504 119.083 392.957 8 256 8zm-11.49 120h22.979c6.823 0 12.274 5.682 11.99 12.5l-7 168c-.268 6.428-5.556 11.5-11.99 11.5h-8.979c-6.433 0-11.722-5.073-11.99-11.5l-7-168c-.283-6.818 5.167-12.5 11.99-12.5zM256 340c-15.464 0-28 12.536-28 28s12.536 28 28 28 28-12.536 28-28-12.536-28-28-28z\" \/>\n        <\/svg>\n        <span class=\"sib-form-message-panel__inner-text\">\n                          Sua inscri\u00e7\u00e3o n\u00e3o pode ser salva, tente novamente.\n                      <\/span>\n      <\/div>\n    <\/div>\n    <div><\/div>\n    <div id=\"success-message\" class=\"sib-form-message-panel\" style=\"font-size:16px; text-align:left; font-family:&quot;Helvetica&quot;, sans-serif; color:#085229; background-color:#e7faf0; border-radius:3px; border-color:#13ce66;max-width:540px;\">\n      <div class=\"sib-form-message-panel_text sib-form-message-panel_text--center\">\n        <svg viewBox=\"0 0 512 512\" class=\"sib-icon sib-notification__icon\">\n          <path d=\"M256 8C119.033 8 8 119.033 8 256s111.033 248 248 248 248-111.033 248-248S392.967 8 256 8zm0 464c-118.664 0-216-96.055-216-216 0-118.663 96.055-216 216-216 118.664 0 216 96.055 216 216 0 118.663-96.055 216-216 216zm141.63-274.961L217.15 376.071c-4.705 4.667-12.303 4.637-16.97-.068l-85.878-86.572c-4.667-4.705-4.637-12.303.068-16.97l8.52-8.451c4.705-4.667 12.303-4.637 16.97.068l68.976 69.533 163.441-162.13c4.705-4.667 12.303-4.637 16.97.068l8.451 8.52c4.668 4.705 4.637 12.303-.068 16.97z\" \/>\n        <\/svg>\n        <span class=\"sib-form-message-panel__inner-text\">\n                          Sua inscri\u00e7\u00e3o foi bem sucedida\n                      <\/span>\n      <\/div>\n    <\/div>\n    <div><\/div>\n    <div id=\"sib-container\" class=\"sib-container--large sib-container--vertical\" style=\"text-align:center; background-color:rgba(255,255,255,1); max-width:540px; border-radius:3px; border-width:1px; border-color:#C0CCD9; border-style:solid; direction:ltr\">\n      <form id=\"sib-form\" method=\"POST\" action=\"https:\/\/d318d39f.sibforms.com\/serve\/MUIFALcZk8yYPb4eSvMNvzFxII6E6fEMYvA5zsMpLuCYYQ10SWM0RfMWhQYxzczgkOvNQgYLcOV6leoFlvA5iy5RGXpBB3Fc-EENHcGHGZjubEMKIsItVXPjjtkdkl4AW5pb1S7CCg1hybEDDsdm-AsUBeleygkl2i0cqxdszrRIe_MeWDNffQR7u8DmiecNXRKK_3bqy9BylR93\" data-type=\"subscription\">\n        <div style=\"padding: 8px 0;\">\n          <div class=\"sib-form-block\" style=\"font-size:32px; text-align:left; font-weight:700; font-family:&quot;Helvetica&quot;, sans-serif; color:#3C4858; background-color:transparent; text-align:left\">\n            <p>Newsletter<\/p>\n          <\/div>\n        <\/div>\n        <div style=\"padding: 8px 0;\">\n          <div class=\"sib-form-block\" style=\"font-size:16px; text-align:left; font-family:&quot;Helvetica&quot;, sans-serif; color:#3C4858; background-color:transparent; text-align:left\">\n            <div class=\"sib-text-form-block\">\n              <p>Inscreva-se e fique por dentro do que acontece no CapsBlog<\/p>\n            <\/div>\n          <\/div>\n        <\/div>\n        <div style=\"padding: 8px 0;\">\n          <div class=\"sib-input sib-form-block\">\n            <div class=\"form__entry entry_block\">\n              <div class=\"form__label-row \">\n                <label class=\"entry__label\" style=\"font-weight: 700; text-align:left; font-size:16px; text-align:left; font-weight:700; font-family:&quot;Helvetica&quot;, sans-serif; color:#3c4858;\" for=\"EMAIL\" data-required=\"*\">Preencha seu melhor email abaixo<\/label>\n\n                <div class=\"entry__field\">\n                  <input class=\"input \" type=\"text\" id=\"EMAIL\" name=\"EMAIL\" autocomplete=\"off\" placeholder=\"EMAIL\" data-required=\"true\" required \/>\n                <\/div>\n              <\/div>\n\n              <label class=\"entry_error entry_error--primary\" style=\"font-size:16px; text-align:left; font-family:&quot;Helvetica&quot;, sans-serif; color:#661d1d; background-color:#ffeded; border-radius:3px; border-color:#ff4949;\">\n              <\/label>\n              <label class=\"entry__specification\" style=\"font-size:12px; text-align:left; font-family:&quot;Helvetica&quot;, sans-serif; color:#8390A4; text-align:left\">\n                Provide your email address to subscribe. For e.g abc@xyz.com\n              <\/label>\n            <\/div>\n          <\/div>\n        <\/div>\n        <div style=\"padding: 8px 0;\">\n          <div class=\"sib-optin sib-form-block\" data-required=\"true\">\n            <div class=\"form__entry entry_mcq\">\n              <div class=\"form__label-row \">\n                <div class=\"entry__choice\" style=\"\">\n                  <label>\n                    <input type=\"checkbox\" class=\"input_replaced\" value=\"1\" id=\"OPT_IN\" name=\"OPT_IN\" required \/>\n                    <span class=\"checkbox checkbox_tick_positive\"\n            style=\"margin-left:\"\n            ><\/span><span style=\"font-size:14px; text-align:left; font-family:&quot;Helvetica&quot;, sans-serif; color:#3C4858; background-color:transparent;\"><p>Eu concordo em compartilhar meu email com a Capsexpress e seguir suas pol\u00edticas de privacidade<\/p><span data-required=\"*\" style=\"display: inline;\" class=\"entry_label entry_label_optin\"><\/span><\/span> <\/label>\n                <\/div>\n              <\/div>\n              <label class=\"entry_error entry_error--primary\" style=\"font-size:16px; text-align:left; font-family:&quot;Helvetica&quot;, sans-serif; color:#661d1d; background-color:#ffeded; border-radius:3px; border-color:#ff4949;\">\n              <\/label>\n              <label class=\"entry__specification\" style=\"font-size:12px; text-align:left; font-family:&quot;Helvetica&quot;, sans-serif; color:#8390A4; text-align:left\">\n                You may unsubscribe at any time using the link in our newsletter.\n              <\/label>\n            <\/div>\n          <\/div>\n        <\/div>\n        <div style=\"padding: 8px 0;\">\n          <div class=\"sib-captcha sib-form-block\">\n            <div class=\"form__entry entry_block\">\n              <div class=\"form__label-row \">\n                <script>\n                  function handleCaptchaResponse() {\n                    var event = new Event('captchaChange');\n                    document.getElementById('sib-captcha').dispatchEvent(event);\n                    window.grecaptcha = window.turnstile;\n                  }\n                <\/script>\n                <div class=\"cf-turnstile g-recaptcha\" data-sitekey=\"0x4AAAAAAAdJF-EFbDSqeVua\" id=\"sib-captcha\" data-callback=\"handleCaptchaResponse\" data-language=\"en\"><\/div>\n              <\/div>\n              <label class=\"entry_error entry_error--primary\" style=\"font-size:16px; text-align:left; font-family:&quot;Helvetica&quot;, sans-serif; color:#661d1d; background-color:#ffeded; border-radius:3px; border-color:#ff4949;\">\n              <\/label>\n            <\/div>\n          <\/div>\n        <\/div>\n        <div style=\"padding: 8px 0;\">\n          <div class=\"sib-form-block\" style=\"text-align: left\">\n            <button class=\"sib-form-block_button sib-form-block_button-with-loader\" style=\"font-size:16px; text-align:left; font-weight:700; font-family:&quot;Helvetica&quot;, sans-serif; color:#FFFFFF; background-color:#3E4857; border-radius:3px; border-width:0px;\" form=\"sib-form\" type=\"submit\">\n              <svg class=\"icon clickable_icon progress-indicator_icon sib-hide-loader-icon\" viewBox=\"0 0 512 512\">\n                <path d=\"M460.116 373.846l-20.823-12.022c-5.541-3.199-7.54-10.159-4.663-15.874 30.137-59.886 28.343-131.652-5.386-189.946-33.641-58.394-94.896-95.833-161.827-99.676C261.028 55.961 256 50.751 256 44.352V20.309c0-6.904 5.808-12.337 12.703-11.982 83.556 4.306 160.163 50.864 202.11 123.677 42.063 72.696 44.079 162.316 6.031 236.832-3.14 6.148-10.75 8.461-16.728 5.01z\" \/>\n              <\/svg>\n              SUBSCRIBE\n            <\/button>\n          <\/div>\n        <\/div>\n\n        <input type=\"text\" name=\"email_address_check\" value=\"\" class=\"input--hidden\">\n        <input type=\"hidden\" name=\"locale\" value=\"en\">\n      <\/form>\n    <\/div>\n  <\/div>\n<\/div>\n<!-- END - We recommend to place the above code where you want the form in your website html  -->\n\n<!-- START - We recommend to place the below code in footer or bottom of your website html  -->\n<script>\n  window.REQUIRED_CODE_ERROR_MESSAGE = 'Please choose a country code';\n  window.LOCALE = 'en';\n  window.EMAIL_INVALID_MESSAGE = window.SMS_INVALID_MESSAGE = \"Informa\u00e7\u00e3o inv\u00e1lida, tente preencher os campos novamente.\";\n\n  window.REQUIRED_ERROR_MESSAGE = \"Esse campo \u00e9 obrigat\u00f3rio. \";\n\n  window.GENERIC_INVALID_MESSAGE = \"Informa\u00e7\u00e3o inv\u00e1lida, tente preencher os campos novamente.\";\n\n\n\n\n  window.translation = {\n    common: {\n      selectedList: '{quantity} list selected',\n      selectedLists: '{quantity} lists selected'\n    }\n  };\n\n  var AUTOHIDE = Boolean(1);\n<\/script>\n\n<script defer src=\"https:\/\/sibforms.com\/forms\/end-form\/build\/main.js\"><\/script>\n\n<script src=\"https:\/\/challenges.cloudflare.com\/turnstile\/v0\/api.js\" async defer><\/script>\n\n<!-- END - We recommend to place the above code in footer or bottom of your website html  -->\n<!-- End Brevo Form -->\n\n\n\n<h2 class=\"wp-block-heading\"><span class=\"ez-toc-section\" id=\"Os_minerais_para_a_nutricao_dos_cabelos_e_unhas\"><\/span>Os minerais para a nutri\u00e7\u00e3o dos cabelos e unhas<span class=\"ez-toc-section-end\"><\/span><\/h2>\n\n\n\n<figure class=\"wp-block-image aligncenter size-large is-resized\"><img loading=\"lazy\" decoding=\"async\" width=\"1024\" height=\"683\" src=\"https:\/\/capsexpress.com.br\/blog\/wp-content\/uploads\/2020\/09\/minerais-nutricao-cabelos-unhas-1024x683.jpg\" alt=\"Minerais para nutri\u00e7\u00e3o dos cabelos e unhas.\" class=\"wp-image-3253\" style=\"width:775px;height:517px\" srcset=\"https:\/\/capsexpress.com.br\/blog\/wp-content\/uploads\/2020\/09\/minerais-nutricao-cabelos-unhas-1024x683.jpg 1024w, https:\/\/capsexpress.com.br\/blog\/wp-content\/uploads\/2020\/09\/minerais-nutricao-cabelos-unhas-300x200.jpg 300w, https:\/\/capsexpress.com.br\/blog\/wp-content\/uploads\/2020\/09\/minerais-nutricao-cabelos-unhas-768x512.jpg 768w, https:\/\/capsexpress.com.br\/blog\/wp-content\/uploads\/2020\/09\/minerais-nutricao-cabelos-unhas-1536x1024.jpg 1536w, https:\/\/capsexpress.com.br\/blog\/wp-content\/uploads\/2020\/09\/minerais-nutricao-cabelos-unhas-2048x1365.jpg 2048w, https:\/\/capsexpress.com.br\/blog\/wp-content\/uploads\/2020\/09\/minerais-nutricao-cabelos-unhas-360x240.jpg 360w\" sizes=\"(max-width: 1024px) 100vw, 1024px\" \/><\/figure>\n\n\n\n<div style=\"height:20px\" aria-hidden=\"true\" class=\"wp-block-spacer\"><\/div>\n\n\n\n<p>Minerais s\u00e3o super importantes tamb\u00e9m para a manuten\u00e7\u00e3o e prote\u00e7\u00e3o dos cabelos, unhas e pele.<\/p>\n\n\n\n<p>Confira abaixo os minerais mais importantes.<\/p>\n\n\n\n<h3 class=\"wp-block-heading\"><span class=\"ez-toc-section\" id=\"Calcio\"><\/span>C\u00e1lcio<span class=\"ez-toc-section-end\"><\/span><\/h3>\n\n\n\n<p>a defici\u00eancia dele no seu organismo caracteriza o aparecimento de manchas brancas transversais opacas que tendem ao ocorrer na mesma posi\u00e7\u00e3o em v\u00e1rias unhas. <\/p>\n\n\n\n<h3 class=\"wp-block-heading\"><span class=\"ez-toc-section\" id=\"Cobre\"><\/span>Cobre <span class=\"ez-toc-section-end\"><\/span><\/h3>\n\n\n\n<p>Muito importante para dar resist\u00eancia \u00e0 fibra de queratina e auxilia para a pigmenta\u00e7\u00e3o dos fios de cabelo e da pele. <\/p>\n\n\n\n<h3 class=\"wp-block-heading\"><span class=\"ez-toc-section\" id=\"Ferro\"><\/span>Ferro <span class=\"ez-toc-section-end\"><\/span><\/h3>\n\n\n\n<p>Est\u00e1 envolvido na s\u00edntese e de col\u00e1geno, sua aus\u00eancia pode causar anemia, perda de cabelo, altera\u00e7\u00f5es na pele e deformidade nas unhas deixando elas finas com forma de colher. <\/p>\n\n\n\n<h3 class=\"wp-block-heading\"><span class=\"ez-toc-section\" id=\"Magnesio\"><\/span>Magn\u00e9sio <span class=\"ez-toc-section-end\"><\/span><\/h3>\n\n\n\n<p>Contribui com prote\u00ednas no organismo e ajuda a melhorar as propriedades de resist\u00eancia dos cabelos e reduzir a queda. <\/p>\n\n\n\n<h3 class=\"wp-block-heading\"><span class=\"ez-toc-section\" id=\"Manganes\"><\/span>Mangan\u00eas <span class=\"ez-toc-section-end\"><\/span><\/h3>\n\n\n\n<p>Contribuinte na forma\u00e7\u00e3o de ossos, antioxidante que auxilia na prote\u00e7\u00e3o dos danos causados pelos radicais livres.<\/p>\n\n\n\n<h3 class=\"wp-block-heading\"><span class=\"ez-toc-section\" id=\"Selenio\"><\/span>Sel\u00eanio <span class=\"ez-toc-section-end\"><\/span><\/h3>\n\n\n\n<p>Assim como o zinco, sua defici\u00eancia pode causar altera\u00e7\u00f5es na pigmenta\u00e7\u00e3o dos cabelos e pele.<\/p>\n\n\n\n<h3 class=\"wp-block-heading\"><span class=\"ez-toc-section\" id=\"Zinco\"><\/span>Zinco <span class=\"ez-toc-section-end\"><\/span><\/h3>\n\n\n\n<p>Essencial no crescimento e desenvolvimento do organismo, tem propriedades imunol\u00f3gicas, cicatriza\u00e7\u00e3o de feridas e s\u00edntese de col\u00e1geno, um dos maiores contribuintes na manuten\u00e7\u00e3o e nutri\u00e7\u00e3o dos cabelo, pele e unhas.<\/p>\n\n\n\n<h2 class=\"wp-block-heading\"><span class=\"ez-toc-section\" id=\"Conclusao\"><\/span>Conclus\u00e3o<span class=\"ez-toc-section-end\"><\/span><\/h2>\n\n\n\n<p>Assim como para qualquer outra parte do corpo, a nutri\u00e7\u00e3o dos cabelos e unhas \u00e9 muito importante para obter mais beleza e sa\u00fade.<\/p>\n\n\n\n<p>Em muitas das vezes, apenas com uma alimenta\u00e7\u00e3o n\u00e3o \u00e9 poss\u00edvel obter todas as vitaminas e minerais essenciais para os cabelos e as unhas, o que traz as consequ\u00eancias, por\u00e9m com essa combina\u00e7\u00e3o de vitaminas e minerais, com certeza seus cabelos, unhas e peles ter\u00e3o melhores resultados e ser\u00e3o mais saud\u00e1veis.<\/p>\n\n\n\n<p><\/p>\n","protected":false},"excerpt":{"rendered":"<p>Hoje em dia, por mais que voc\u00ea tenha uma boa alimenta\u00e7\u00e3o, dificilmente conseguir\u00e1 tudo o que o corpo precisa atrav\u00e9s apenas disso. E, quando a ingest\u00e3o de vitaminas e minerais \u00e9 insuficiente, o cabelo \u00e9 sempre o mais prejudicado, pois \u00e9 sempre o \u00faltimo item do corpo a receber os nutrientes.<br \/>\nNo post de hoje voc\u00ea ter\u00e1 informa\u00e7\u00f5es sobre o porque seu cabelo necessita de vitaminas e minerais, al\u00e9m dos alimentos que voc\u00ea encontra com os mesmos.<\/p>\n","protected":false},"author":6,"featured_media":3250,"comment_status":"open","ping_status":"open","sticky":false,"template":"","format":"standard","meta":{"site-sidebar-layout":"default","site-content-layout":"","ast-site-content-layout":"default","site-content-style":"default","site-sidebar-style":"default","ast-global-header-display":"","ast-banner-title-visibility":"","ast-main-header-display":"","ast-hfb-above-header-display":"","ast-hfb-below-header-display":"","ast-hfb-mobile-header-display":"","site-post-title":"","ast-breadcrumbs-content":"","ast-featured-img":"","footer-sml-layout":"","ast-disable-related-posts":"","theme-transparent-header-meta":"","adv-header-id-meta":"","stick-header-meta":"","header-above-stick-meta":"","header-main-stick-meta":"","header-below-stick-meta":"","astra-migrate-meta-layouts":"default","ast-page-background-enabled":"default","ast-page-background-meta":{"desktop":{"background-color":"var(--ast-global-color-4)","background-image":"","background-repeat":"repeat","background-position":"center center","background-size":"auto","background-attachment":"scroll","background-type":"","background-media":"","overlay-type":"","overlay-color":"","overlay-opacity":"","overlay-gradient":""},"tablet":{"background-color":"","background-image":"","background-repeat":"repeat","background-position":"center center","background-size":"auto","background-attachment":"scroll","background-type":"","background-media":"","overlay-type":"","overlay-color":"","overlay-opacity":"","overlay-gradient":""},"mobile":{"background-color":"","background-image":"","background-repeat":"repeat","background-position":"center center","background-size":"auto","background-attachment":"scroll","background-type":"","background-media":"","overlay-type":"","overlay-color":"","overlay-opacity":"","overlay-gradient":""}},"ast-content-background-meta":{"desktop":{"background-color":"var(--ast-global-color-5)","background-image":"","background-repeat":"repeat","background-position":"center center","background-size":"auto","background-attachment":"scroll","background-type":"","background-media":"","overlay-type":"","overlay-color":"","overlay-opacity":"","overlay-gradient":""},"tablet":{"background-color":"var(--ast-global-color-5)","background-image":"","background-repeat":"repeat","background-position":"center center","background-size":"auto","background-attachment":"scroll","background-type":"","background-media":"","overlay-type":"","overlay-color":"","overlay-opacity":"","overlay-gradient":""},"mobile":{"background-color":"var(--ast-global-color-5)","background-image":"","background-repeat":"repeat","background-position":"center center","background-size":"auto","background-attachment":"scroll","background-type":"","background-media":"","overlay-type":"","overlay-color":"","overlay-opacity":"","overlay-gradient":""}},"footnotes":""},"categories":[10],"tags":[80,84,485,82,81,83],"class_list":["post-526","post","type-post","status-publish","format-standard","has-post-thumbnail","hentry","category-produtos-fisicos","tag-cabelos","tag-minerais","tag-nutricao","tag-pele","tag-unhas","tag-vitaminas"],"yoast_head":"<!-- This site is optimized with the Yoast SEO plugin v27.4 - https:\/\/yoast.com\/product\/yoast-seo-wordpress\/ -->\n<title>Nutri\u00e7\u00e3o dos cabelos e unhas: confira vitaminas e minerais essenciais<\/title>\n<meta name=\"description\" content=\"Para a nutri\u00e7\u00e3o dos cabelos e unhas, \u00e9 preciso que voc\u00ea tome vitaminas e minerais essenciais, porque apenas atrav\u00e9s da alimenta\u00e7\u00e3o \u00e9 dif\u00edcil.\" \/>\n<meta name=\"robots\" content=\"index, follow, max-snippet:-1, max-image-preview:large, max-video-preview:-1\" \/>\n<link rel=\"canonical\" href=\"https:\/\/capsexpress.com.br\/blog\/nutricao-cabelos-unhas\/\" \/>\n<meta property=\"og:locale\" content=\"pt_BR\" \/>\n<meta property=\"og:type\" content=\"article\" \/>\n<meta property=\"og:title\" content=\"Nutri\u00e7\u00e3o dos cabelos e unhas: confira vitaminas e minerais essenciais\" \/>\n<meta property=\"og:description\" content=\"Para a nutri\u00e7\u00e3o dos cabelos e unhas, \u00e9 preciso que voc\u00ea tome vitaminas e minerais essenciais, porque apenas atrav\u00e9s da alimenta\u00e7\u00e3o \u00e9 dif\u00edcil.\" \/>\n<meta property=\"og:url\" content=\"https:\/\/capsexpress.com.br\/blog\/nutricao-cabelos-unhas\/\" \/>\n<meta property=\"og:site_name\" content=\"Capsexpress\" \/>\n<meta property=\"article:publisher\" content=\"https:\/\/www.facebook.com\/CapsExpressBRA\/\" \/>\n<meta property=\"article:published_time\" content=\"2020-09-14T20:14:44+00:00\" \/>\n<meta property=\"article:modified_time\" content=\"2024-10-08T18:29:40+00:00\" \/>\n<meta property=\"og:image\" content=\"https:\/\/capsexpress.com.br\/blog\/wp-content\/uploads\/2020\/09\/Vitaminas-nutricao-cabelo-unhas-scaled.jpg\" \/>\n\t<meta property=\"og:image:width\" content=\"2560\" \/>\n\t<meta property=\"og:image:height\" content=\"1829\" \/>\n\t<meta property=\"og:image:type\" content=\"image\/jpeg\" \/>\n<meta name=\"author\" content=\"erick\" \/>\n<meta name=\"twitter:card\" content=\"summary_large_image\" \/>\n<meta name=\"twitter:label1\" content=\"Escrito por\" \/>\n\t<meta name=\"twitter:data1\" content=\"erick\" \/>\n\t<meta name=\"twitter:label2\" content=\"Est. tempo de leitura\" \/>\n\t<meta name=\"twitter:data2\" content=\"8 minutos\" \/>\n<script type=\"application\/ld+json\" class=\"yoast-schema-graph\">{\"@context\":\"https:\\\/\\\/schema.org\",\"@graph\":[{\"@type\":[\"Article\",\"BlogPosting\"],\"@id\":\"https:\\\/\\\/capsexpress.com.br\\\/blog\\\/nutricao-cabelos-unhas\\\/#article\",\"isPartOf\":{\"@id\":\"https:\\\/\\\/capsexpress.com.br\\\/blog\\\/nutricao-cabelos-unhas\\\/\"},\"author\":{\"name\":\"erick\",\"@id\":\"https:\\\/\\\/capsexpress.com.br\\\/blog\\\/#\\\/schema\\\/person\\\/01a674e516b63f75932e5800b02bc54e\"},\"headline\":\"Nutri\u00e7\u00e3o dos cabelos e unhas: confira vitaminas e minerais essenciais\",\"datePublished\":\"2020-09-14T20:14:44+00:00\",\"dateModified\":\"2024-10-08T18:29:40+00:00\",\"mainEntityOfPage\":{\"@id\":\"https:\\\/\\\/capsexpress.com.br\\\/blog\\\/nutricao-cabelos-unhas\\\/\"},\"wordCount\":1352,\"commentCount\":0,\"publisher\":{\"@id\":\"https:\\\/\\\/capsexpress.com.br\\\/blog\\\/#organization\"},\"image\":{\"@id\":\"https:\\\/\\\/capsexpress.com.br\\\/blog\\\/nutricao-cabelos-unhas\\\/#primaryimage\"},\"thumbnailUrl\":\"https:\\\/\\\/capsexpress.com.br\\\/blog\\\/wp-content\\\/uploads\\\/2020\\\/09\\\/Vitaminas-nutricao-cabelo-unhas-scaled.jpg\",\"keywords\":[\"cabelos\",\"minerais\",\"nutri\u00e7\u00e3o\",\"pele\",\"unhas\",\"vitaminas\"],\"articleSection\":[\"Produtos f\u00edsicos\"],\"inLanguage\":\"pt-BR\",\"potentialAction\":[{\"@type\":\"CommentAction\",\"name\":\"Comment\",\"target\":[\"https:\\\/\\\/capsexpress.com.br\\\/blog\\\/nutricao-cabelos-unhas\\\/#respond\"]}]},{\"@type\":\"WebPage\",\"@id\":\"https:\\\/\\\/capsexpress.com.br\\\/blog\\\/nutricao-cabelos-unhas\\\/\",\"url\":\"https:\\\/\\\/capsexpress.com.br\\\/blog\\\/nutricao-cabelos-unhas\\\/\",\"name\":\"Nutri\u00e7\u00e3o dos cabelos e unhas: confira vitaminas e minerais essenciais\",\"isPartOf\":{\"@id\":\"https:\\\/\\\/capsexpress.com.br\\\/blog\\\/#website\"},\"primaryImageOfPage\":{\"@id\":\"https:\\\/\\\/capsexpress.com.br\\\/blog\\\/nutricao-cabelos-unhas\\\/#primaryimage\"},\"image\":{\"@id\":\"https:\\\/\\\/capsexpress.com.br\\\/blog\\\/nutricao-cabelos-unhas\\\/#primaryimage\"},\"thumbnailUrl\":\"https:\\\/\\\/capsexpress.com.br\\\/blog\\\/wp-content\\\/uploads\\\/2020\\\/09\\\/Vitaminas-nutricao-cabelo-unhas-scaled.jpg\",\"datePublished\":\"2020-09-14T20:14:44+00:00\",\"dateModified\":\"2024-10-08T18:29:40+00:00\",\"description\":\"Para a nutri\u00e7\u00e3o dos cabelos e unhas, \u00e9 preciso que voc\u00ea tome vitaminas e minerais essenciais, porque apenas atrav\u00e9s da alimenta\u00e7\u00e3o \u00e9 dif\u00edcil.\",\"breadcrumb\":{\"@id\":\"https:\\\/\\\/capsexpress.com.br\\\/blog\\\/nutricao-cabelos-unhas\\\/#breadcrumb\"},\"inLanguage\":\"pt-BR\",\"potentialAction\":[{\"@type\":\"ReadAction\",\"target\":[\"https:\\\/\\\/capsexpress.com.br\\\/blog\\\/nutricao-cabelos-unhas\\\/\"]}]},{\"@type\":\"ImageObject\",\"inLanguage\":\"pt-BR\",\"@id\":\"https:\\\/\\\/capsexpress.com.br\\\/blog\\\/nutricao-cabelos-unhas\\\/#primaryimage\",\"url\":\"https:\\\/\\\/capsexpress.com.br\\\/blog\\\/wp-content\\\/uploads\\\/2020\\\/09\\\/Vitaminas-nutricao-cabelo-unhas-scaled.jpg\",\"contentUrl\":\"https:\\\/\\\/capsexpress.com.br\\\/blog\\\/wp-content\\\/uploads\\\/2020\\\/09\\\/Vitaminas-nutricao-cabelo-unhas-scaled.jpg\",\"width\":2560,\"height\":1829,\"caption\":\"Imagem representa\u00e7\u00e3o vitaminas para nutri\u00e7\u00e3o dos cabelo e unhas.\"},{\"@type\":\"BreadcrumbList\",\"@id\":\"https:\\\/\\\/capsexpress.com.br\\\/blog\\\/nutricao-cabelos-unhas\\\/#breadcrumb\",\"itemListElement\":[{\"@type\":\"ListItem\",\"position\":1,\"name\":\"In\u00edcio\",\"item\":\"https:\\\/\\\/capsexpress.com.br\\\/blog\\\/\"},{\"@type\":\"ListItem\",\"position\":2,\"name\":\"Nutri\u00e7\u00e3o dos cabelos e unhas: confira vitaminas e minerais essenciais\"}]},{\"@type\":\"WebSite\",\"@id\":\"https:\\\/\\\/capsexpress.com.br\\\/blog\\\/#website\",\"url\":\"https:\\\/\\\/capsexpress.com.br\\\/blog\\\/\",\"name\":\"Capsexpress\",\"description\":\"Suplementos e solu\u00e7\u00f5es para marca pr\u00f3pria\",\"publisher\":{\"@id\":\"https:\\\/\\\/capsexpress.com.br\\\/blog\\\/#organization\"},\"potentialAction\":[{\"@type\":\"SearchAction\",\"target\":{\"@type\":\"EntryPoint\",\"urlTemplate\":\"https:\\\/\\\/capsexpress.com.br\\\/blog\\\/?s={search_term_string}\"},\"query-input\":{\"@type\":\"PropertyValueSpecification\",\"valueRequired\":true,\"valueName\":\"search_term_string\"}}],\"inLanguage\":\"pt-BR\"},{\"@type\":\"Organization\",\"@id\":\"https:\\\/\\\/capsexpress.com.br\\\/blog\\\/#organization\",\"name\":\"CapsExpress\",\"url\":\"https:\\\/\\\/capsexpress.com.br\\\/blog\\\/\",\"logo\":{\"@type\":\"ImageObject\",\"inLanguage\":\"pt-BR\",\"@id\":\"https:\\\/\\\/capsexpress.com.br\\\/blog\\\/#\\\/schema\\\/logo\\\/image\\\/\",\"url\":\"https:\\\/\\\/capsexpress.com.br\\\/blog\\\/wp-content\\\/uploads\\\/2019\\\/08\\\/capsexpresslogo.png\",\"contentUrl\":\"https:\\\/\\\/capsexpress.com.br\\\/blog\\\/wp-content\\\/uploads\\\/2019\\\/08\\\/capsexpresslogo.png\",\"width\":230,\"height\":90,\"caption\":\"CapsExpress\"},\"image\":{\"@id\":\"https:\\\/\\\/capsexpress.com.br\\\/blog\\\/#\\\/schema\\\/logo\\\/image\\\/\"},\"sameAs\":[\"https:\\\/\\\/www.facebook.com\\\/CapsExpressBRA\\\/\",\"https:\\\/\\\/www.instagram.com\\\/capsexpressbra\\\/\",\"https:\\\/\\\/www.youtube.com\\\/Capsexpress\"]},{\"@type\":\"Person\",\"@id\":\"https:\\\/\\\/capsexpress.com.br\\\/blog\\\/#\\\/schema\\\/person\\\/01a674e516b63f75932e5800b02bc54e\",\"name\":\"erick\",\"image\":{\"@type\":\"ImageObject\",\"inLanguage\":\"pt-BR\",\"@id\":\"https:\\\/\\\/secure.gravatar.com\\\/avatar\\\/c42cd5beeadc25b357e1bcf92ee6b73cfb226f55878d9c6e7bcd2ac11cb69d21?s=96&d=mm&r=g\",\"url\":\"https:\\\/\\\/secure.gravatar.com\\\/avatar\\\/c42cd5beeadc25b357e1bcf92ee6b73cfb226f55878d9c6e7bcd2ac11cb69d21?s=96&d=mm&r=g\",\"contentUrl\":\"https:\\\/\\\/secure.gravatar.com\\\/avatar\\\/c42cd5beeadc25b357e1bcf92ee6b73cfb226f55878d9c6e7bcd2ac11cb69d21?s=96&d=mm&r=g\",\"caption\":\"erick\"},\"url\":\"https:\\\/\\\/capsexpress.com.br\\\/blog\\\/author\\\/eric\\\/\"}]}<\/script>\n<!-- \/ Yoast SEO plugin. -->","yoast_head_json":{"title":"Nutri\u00e7\u00e3o dos cabelos e unhas: confira vitaminas e minerais essenciais","description":"Para a nutri\u00e7\u00e3o dos cabelos e unhas, \u00e9 preciso que voc\u00ea tome vitaminas e minerais essenciais, porque apenas atrav\u00e9s da alimenta\u00e7\u00e3o \u00e9 dif\u00edcil.","robots":{"index":"index","follow":"follow","max-snippet":"max-snippet:-1","max-image-preview":"max-image-preview:large","max-video-preview":"max-video-preview:-1"},"canonical":"https:\/\/capsexpress.com.br\/blog\/nutricao-cabelos-unhas\/","og_locale":"pt_BR","og_type":"article","og_title":"Nutri\u00e7\u00e3o dos cabelos e unhas: confira vitaminas e minerais essenciais","og_description":"Para a nutri\u00e7\u00e3o dos cabelos e unhas, \u00e9 preciso que voc\u00ea tome vitaminas e minerais essenciais, porque apenas atrav\u00e9s da alimenta\u00e7\u00e3o \u00e9 dif\u00edcil.","og_url":"https:\/\/capsexpress.com.br\/blog\/nutricao-cabelos-unhas\/","og_site_name":"Capsexpress","article_publisher":"https:\/\/www.facebook.com\/CapsExpressBRA\/","article_published_time":"2020-09-14T20:14:44+00:00","article_modified_time":"2024-10-08T18:29:40+00:00","og_image":[{"width":2560,"height":1829,"url":"https:\/\/capsexpress.com.br\/blog\/wp-content\/uploads\/2020\/09\/Vitaminas-nutricao-cabelo-unhas-scaled.jpg","type":"image\/jpeg"}],"author":"erick","twitter_card":"summary_large_image","twitter_misc":{"Escrito por":"erick","Est. tempo de leitura":"8 minutos"},"schema":{"@context":"https:\/\/schema.org","@graph":[{"@type":["Article","BlogPosting"],"@id":"https:\/\/capsexpress.com.br\/blog\/nutricao-cabelos-unhas\/#article","isPartOf":{"@id":"https:\/\/capsexpress.com.br\/blog\/nutricao-cabelos-unhas\/"},"author":{"name":"erick","@id":"https:\/\/capsexpress.com.br\/blog\/#\/schema\/person\/01a674e516b63f75932e5800b02bc54e"},"headline":"Nutri\u00e7\u00e3o dos cabelos e unhas: confira vitaminas e minerais essenciais","datePublished":"2020-09-14T20:14:44+00:00","dateModified":"2024-10-08T18:29:40+00:00","mainEntityOfPage":{"@id":"https:\/\/capsexpress.com.br\/blog\/nutricao-cabelos-unhas\/"},"wordCount":1352,"commentCount":0,"publisher":{"@id":"https:\/\/capsexpress.com.br\/blog\/#organization"},"image":{"@id":"https:\/\/capsexpress.com.br\/blog\/nutricao-cabelos-unhas\/#primaryimage"},"thumbnailUrl":"https:\/\/capsexpress.com.br\/blog\/wp-content\/uploads\/2020\/09\/Vitaminas-nutricao-cabelo-unhas-scaled.jpg","keywords":["cabelos","minerais","nutri\u00e7\u00e3o","pele","unhas","vitaminas"],"articleSection":["Produtos f\u00edsicos"],"inLanguage":"pt-BR","potentialAction":[{"@type":"CommentAction","name":"Comment","target":["https:\/\/capsexpress.com.br\/blog\/nutricao-cabelos-unhas\/#respond"]}]},{"@type":"WebPage","@id":"https:\/\/capsexpress.com.br\/blog\/nutricao-cabelos-unhas\/","url":"https:\/\/capsexpress.com.br\/blog\/nutricao-cabelos-unhas\/","name":"Nutri\u00e7\u00e3o dos cabelos e unhas: confira vitaminas e minerais essenciais","isPartOf":{"@id":"https:\/\/capsexpress.com.br\/blog\/#website"},"primaryImageOfPage":{"@id":"https:\/\/capsexpress.com.br\/blog\/nutricao-cabelos-unhas\/#primaryimage"},"image":{"@id":"https:\/\/capsexpress.com.br\/blog\/nutricao-cabelos-unhas\/#primaryimage"},"thumbnailUrl":"https:\/\/capsexpress.com.br\/blog\/wp-content\/uploads\/2020\/09\/Vitaminas-nutricao-cabelo-unhas-scaled.jpg","datePublished":"2020-09-14T20:14:44+00:00","dateModified":"2024-10-08T18:29:40+00:00","description":"Para a nutri\u00e7\u00e3o dos cabelos e unhas, \u00e9 preciso que voc\u00ea tome vitaminas e minerais essenciais, porque apenas atrav\u00e9s da alimenta\u00e7\u00e3o \u00e9 dif\u00edcil.","breadcrumb":{"@id":"https:\/\/capsexpress.com.br\/blog\/nutricao-cabelos-unhas\/#breadcrumb"},"inLanguage":"pt-BR","potentialAction":[{"@type":"ReadAction","target":["https:\/\/capsexpress.com.br\/blog\/nutricao-cabelos-unhas\/"]}]},{"@type":"ImageObject","inLanguage":"pt-BR","@id":"https:\/\/capsexpress.com.br\/blog\/nutricao-cabelos-unhas\/#primaryimage","url":"https:\/\/capsexpress.com.br\/blog\/wp-content\/uploads\/2020\/09\/Vitaminas-nutricao-cabelo-unhas-scaled.jpg","contentUrl":"https:\/\/capsexpress.com.br\/blog\/wp-content\/uploads\/2020\/09\/Vitaminas-nutricao-cabelo-unhas-scaled.jpg","width":2560,"height":1829,"caption":"Imagem representa\u00e7\u00e3o vitaminas para nutri\u00e7\u00e3o dos cabelo e unhas."},{"@type":"BreadcrumbList","@id":"https:\/\/capsexpress.com.br\/blog\/nutricao-cabelos-unhas\/#breadcrumb","itemListElement":[{"@type":"ListItem","position":1,"name":"In\u00edcio","item":"https:\/\/capsexpress.com.br\/blog\/"},{"@type":"ListItem","position":2,"name":"Nutri\u00e7\u00e3o dos cabelos e unhas: confira vitaminas e minerais essenciais"}]},{"@type":"WebSite","@id":"https:\/\/capsexpress.com.br\/blog\/#website","url":"https:\/\/capsexpress.com.br\/blog\/","name":"Capsexpress","description":"Suplementos e solu\u00e7\u00f5es para marca pr\u00f3pria","publisher":{"@id":"https:\/\/capsexpress.com.br\/blog\/#organization"},"potentialAction":[{"@type":"SearchAction","target":{"@type":"EntryPoint","urlTemplate":"https:\/\/capsexpress.com.br\/blog\/?s={search_term_string}"},"query-input":{"@type":"PropertyValueSpecification","valueRequired":true,"valueName":"search_term_string"}}],"inLanguage":"pt-BR"},{"@type":"Organization","@id":"https:\/\/capsexpress.com.br\/blog\/#organization","name":"CapsExpress","url":"https:\/\/capsexpress.com.br\/blog\/","logo":{"@type":"ImageObject","inLanguage":"pt-BR","@id":"https:\/\/capsexpress.com.br\/blog\/#\/schema\/logo\/image\/","url":"https:\/\/capsexpress.com.br\/blog\/wp-content\/uploads\/2019\/08\/capsexpresslogo.png","contentUrl":"https:\/\/capsexpress.com.br\/blog\/wp-content\/uploads\/2019\/08\/capsexpresslogo.png","width":230,"height":90,"caption":"CapsExpress"},"image":{"@id":"https:\/\/capsexpress.com.br\/blog\/#\/schema\/logo\/image\/"},"sameAs":["https:\/\/www.facebook.com\/CapsExpressBRA\/","https:\/\/www.instagram.com\/capsexpressbra\/","https:\/\/www.youtube.com\/Capsexpress"]},{"@type":"Person","@id":"https:\/\/capsexpress.com.br\/blog\/#\/schema\/person\/01a674e516b63f75932e5800b02bc54e","name":"erick","image":{"@type":"ImageObject","inLanguage":"pt-BR","@id":"https:\/\/secure.gravatar.com\/avatar\/c42cd5beeadc25b357e1bcf92ee6b73cfb226f55878d9c6e7bcd2ac11cb69d21?s=96&d=mm&r=g","url":"https:\/\/secure.gravatar.com\/avatar\/c42cd5beeadc25b357e1bcf92ee6b73cfb226f55878d9c6e7bcd2ac11cb69d21?s=96&d=mm&r=g","contentUrl":"https:\/\/secure.gravatar.com\/avatar\/c42cd5beeadc25b357e1bcf92ee6b73cfb226f55878d9c6e7bcd2ac11cb69d21?s=96&d=mm&r=g","caption":"erick"},"url":"https:\/\/capsexpress.com.br\/blog\/author\/eric\/"}]}},"_links":{"self":[{"href":"https:\/\/capsexpress.com.br\/blog\/wp-json\/wp\/v2\/posts\/526","targetHints":{"allow":["GET"]}}],"collection":[{"href":"https:\/\/capsexpress.com.br\/blog\/wp-json\/wp\/v2\/posts"}],"about":[{"href":"https:\/\/capsexpress.com.br\/blog\/wp-json\/wp\/v2\/types\/post"}],"author":[{"embeddable":true,"href":"https:\/\/capsexpress.com.br\/blog\/wp-json\/wp\/v2\/users\/6"}],"replies":[{"embeddable":true,"href":"https:\/\/capsexpress.com.br\/blog\/wp-json\/wp\/v2\/comments?post=526"}],"version-history":[{"count":13,"href":"https:\/\/capsexpress.com.br\/blog\/wp-json\/wp\/v2\/posts\/526\/revisions"}],"predecessor-version":[{"id":4890,"href":"https:\/\/capsexpress.com.br\/blog\/wp-json\/wp\/v2\/posts\/526\/revisions\/4890"}],"wp:featuredmedia":[{"embeddable":true,"href":"https:\/\/capsexpress.com.br\/blog\/wp-json\/wp\/v2\/media\/3250"}],"wp:attachment":[{"href":"https:\/\/capsexpress.com.br\/blog\/wp-json\/wp\/v2\/media?parent=526"}],"wp:term":[{"taxonomy":"category","embeddable":true,"href":"https:\/\/capsexpress.com.br\/blog\/wp-json\/wp\/v2\/categories?post=526"},{"taxonomy":"post_tag","embeddable":true,"href":"https:\/\/capsexpress.com.br\/blog\/wp-json\/wp\/v2\/tags?post=526"}],"curies":[{"name":"wp","href":"https:\/\/api.w.org\/{rel}","templated":true}]}}