{"id":5001,"date":"2024-10-12T14:00:00","date_gmt":"2024-10-12T17:00:00","guid":{"rendered":"https:\/\/capsexpress.com.br\/blog\/?p=5001"},"modified":"2024-12-02T00:20:46","modified_gmt":"2024-12-02T03:20:46","slug":"porque-suplementacao-infantil-importante","status":"publish","type":"post","link":"https:\/\/capsexpress.com.br\/blog\/porque-suplementacao-infantil-importante\/","title":{"rendered":"Por que a suplementa\u00e7\u00e3o infantil \u00e9 importante? Tudo sobre suplementos para crian\u00e7as"},"content":{"rendered":"\n<p>A <strong>suplementa\u00e7\u00e3o infantil<\/strong> vem ganhando destaque no mercado de suplementos, fruto de uma preocupa\u00e7\u00e3o de pais que desejam promover aos filhos um estilo de vida mais saud\u00e1vel. A vida moderna apresenta dificuldades para as crian\u00e7as consumirem uma alimenta\u00e7\u00e3o saud\u00e1vel e, at\u00e9 mesmo, possu\u00edrem um estilo de vida adequado.<\/p>\n\n\n\n<figure class=\"wp-block-image size-full\"><img fetchpriority=\"high\" decoding=\"async\" width=\"750\" height=\"430\" src=\"https:\/\/capsexpress.com.br\/blog\/wp-content\/uploads\/2024\/10\/suplementacao-para-criancas.webp\" alt=\"Suplementa\u00e7\u00e3o infantil.\" class=\"wp-image-4920\" srcset=\"https:\/\/capsexpress.com.br\/blog\/wp-content\/uploads\/2024\/10\/suplementacao-para-criancas.webp 750w, https:\/\/capsexpress.com.br\/blog\/wp-content\/uploads\/2024\/10\/suplementacao-para-criancas-300x172.webp 300w\" sizes=\"(max-width: 750px) 100vw, 750px\" \/><\/figure>\n\n\n\n<p>Frente a tantas tecnologias e cada vez menos tempo e oportunidades para a promo\u00e7\u00e3o de sa\u00fade, aliar a suplementa\u00e7\u00e3o com o estilo de vida logo cedo \u00e9 fundamental para garantir maior qualidade de vida e um crescimento saud\u00e1vel, evitando problemas futuros.<\/p>\n\n\n\n<p>No entanto, os polivitam\u00ednicos em c\u00e1psulas comp\u00f5em uma solu\u00e7\u00e3o eficiente e pr\u00e1tica para complementar a dieta infantil.<\/p>\n\n\n\n<p>Confira, neste conte\u00fado, os benef\u00edcios da suplementa\u00e7\u00e3o infantil com foco nos polivitam\u00ednicos e diversos outros t\u00f3picos diretamente ligados ao assunto!<\/p>\n\n\n\n<div id=\"ez-toc-container\" class=\"ez-toc-v2_0_82_2 counter-hierarchy ez-toc-counter ez-toc-custom ez-toc-container-direction\">\n<div class=\"ez-toc-title-container\">\n<p class=\"ez-toc-title\" style=\"cursor:inherit\">Sum\u00e1rio<\/p>\n<span class=\"ez-toc-title-toggle\"><\/span><\/div>\n<nav><ul class='ez-toc-list ez-toc-list-level-1 ' ><li class='ez-toc-page-1 ez-toc-heading-level-2'><a class=\"ez-toc-link ez-toc-heading-1\" href=\"https:\/\/capsexpress.com.br\/blog\/porque-suplementacao-infantil-importante\/#A_importancia_da_suplementacao_infantil\" >A import\u00e2ncia da suplementa\u00e7\u00e3o infantil<\/a><\/li><li class='ez-toc-page-1 ez-toc-heading-level-2'><a class=\"ez-toc-link ez-toc-heading-2\" href=\"https:\/\/capsexpress.com.br\/blog\/porque-suplementacao-infantil-importante\/#O_que_sao_polivitaminicos_em_capsulas\" >O que s\u00e3o polivitam\u00ednicos em c\u00e1psulas?<\/a><ul class='ez-toc-list-level-3' ><li class='ez-toc-heading-level-3'><a class=\"ez-toc-link ez-toc-heading-3\" href=\"https:\/\/capsexpress.com.br\/blog\/porque-suplementacao-infantil-importante\/#Beneficios_dos_polivitaminicos_em_capsulas_para_a_supleemntacao_infantil\" >Benef\u00edcios dos polivitam\u00ednicos em c\u00e1psulas para a supleemnta\u00e7\u00e3o infantil<\/a><\/li><li class='ez-toc-page-1 ez-toc-heading-level-3'><a class=\"ez-toc-link ez-toc-heading-4\" href=\"https:\/\/capsexpress.com.br\/blog\/porque-suplementacao-infantil-importante\/#Como_implementar_o_uso_dos_polivitaminicos_nas_criancas\" >Como implementar o uso dos polivitam\u00ednicos nas crian\u00e7as<\/a><ul class='ez-toc-list-level-4' ><li class='ez-toc-heading-level-4'><a class=\"ez-toc-link ez-toc-heading-5\" href=\"https:\/\/capsexpress.com.br\/blog\/porque-suplementacao-infantil-importante\/#Existe_um_momento_ideal\" >Existe um momento ideal<\/a><\/li><li class='ez-toc-page-1 ez-toc-heading-level-4'><a class=\"ez-toc-link ez-toc-heading-6\" href=\"https:\/\/capsexpress.com.br\/blog\/porque-suplementacao-infantil-importante\/#Defina_um_horario_fixo\" >Defina um hor\u00e1rio fixo<\/a><\/li><li class='ez-toc-page-1 ez-toc-heading-level-4'><a class=\"ez-toc-link ez-toc-heading-7\" href=\"https:\/\/capsexpress.com.br\/blog\/porque-suplementacao-infantil-importante\/#Converse_com_a_crianca\" >Converse com a crian\u00e7a<\/a><\/li><\/ul><\/li><\/ul><\/li><li class='ez-toc-page-1 ez-toc-heading-level-2'><a class=\"ez-toc-link ez-toc-heading-8\" href=\"https:\/\/capsexpress.com.br\/blog\/porque-suplementacao-infantil-importante\/#A_alimentacao_equilibrada_aliada_ao_uso_dos_suplementos_infantis\" >A alimenta\u00e7\u00e3o equilibrada aliada ao uso dos suplementos infantis<\/a><\/li><\/ul><\/nav><\/div>\n<h2 class=\"wp-block-heading\"><span class=\"ez-toc-section\" id=\"A_importancia_da_suplementacao_infantil\"><\/span>A import\u00e2ncia da suplementa\u00e7\u00e3o infantil<span class=\"ez-toc-section-end\"><\/span><\/h2>\n\n\n\n<p>&#8220;P<em>or que crian\u00e7as devem tomar suplementos?<\/em>&#8221; Essa \u00e9 uma pergunta que muitos pais podem fazer. Afinal, quando falamos de suplementos, geralmente a mente do ouvinte associa os suplementos a algum problema de sa\u00fade em adultos, mas, na verdade, os suplementos n\u00e3o servem apenas para adultos que possuem algum problema de sa\u00fade.<\/p>\n\n\n\n<p>Pelo contr\u00e1rio, a suplementa\u00e7\u00e3o deve ser realizada justamente para evitar problemas de sa\u00fade, principalmente a longo prazo, e promover a qualidade de vida. Quando colocada em pr\u00e1tica desde cedo, os resultados s\u00e3o muito melhores.<\/p>\n\n\n\n<p>Como a inf\u00e2ncia \u00e9 uma fase extremamente importante para o desenvolvimento, \u00e9 durante este per\u00edodo que o organismo da crian\u00e7a est\u00e1 em constante mudan\u00e7a. Assim, \u00e9 preciso promover uma quantidade adequada de nutrientes, vitaminas e minerais para garantir que todos os processos biol\u00f3gicos ocorram de maneira adequada.<\/p>\n\n\n\n<p>A falta desses nutrientes pode impactar negativamente no desenvolvimento f\u00edsico e cognitivo, apresentando problemas a longo prazo.<\/p>\n\n\n\n<p>Principalmente porque estamos diante de uma gera\u00e7\u00e3o na qual precisamos dar uma aten\u00e7\u00e3o redobrada, afinal, muitos impactos no cotidiano atual podem interferir diretamente no desenvolvimento da crian\u00e7a.<\/p>\n\n\n\n<p>Um exemplo \u00e9 que o<a href=\"https:\/\/sbtnews.sbt.com.br\/noticia\/brasil\/criancas-com-mais-de-7-anos-passam-ao-menos-2-horas-por-dia-no-celular\"> uso do celular est\u00e1 crescendo no p\u00fablico infantil<\/a>. Logo, as crian\u00e7as est\u00e3o mais centradas nos aparelhos eletr\u00f4nicos, o que causa um impacto grande, desde a alimenta\u00e7\u00e3o at\u00e9 o estilo de vida, uma vez que, passando bastante tempo junto dos aparelhos eletr\u00f4nicos, \u00e9 investido menos tempo em atividades f\u00edsicas, cognitivas e alimentares adequadas.<\/p>\n\n\n\n<p>Ainda, o cen\u00e1rio alimentar atual, apesar de facilitar bastante o consumo de alimentos, n\u00e3o favorece o consumo de nutrientes necess\u00e1rios, visto que pedir um fast food \u00e9 uma a\u00e7\u00e3o que tem aumentado no p\u00fablico em geral.<\/p>\n\n\n\n<p>A rotina alimentar de muitas crian\u00e7as n\u00e3o fornece todos os nutrientes necess\u00e1rios diante do consumo de alimentos ultraprocessados, ricos em gorduras saturadas, a\u00e7\u00facares e sal. Combinado com uma baixa ingest\u00e3o de frutas, vegetais e gr\u00e3os integrais, \u00e9 uma realidade comum.<br>Assim, os polivitam\u00ednicos em c\u00e1psulas s\u00e3o excelentes para suprir a falta de nutrientes necess\u00e1rios.<\/p>\n\n\n\n<p>E para as crian\u00e7as que possuem um h\u00e1bito alimentar adequado, a suplementa\u00e7\u00e3o ainda se faz necess\u00e1ria para promover a quantidade correta de nutrientes e garantir um crescimento saud\u00e1vel.<\/p>\n\n\n\n<h2 class=\"wp-block-heading\"><span class=\"ez-toc-section\" id=\"O_que_sao_polivitaminicos_em_capsulas\"><\/span>O que s\u00e3o polivitam\u00ednicos em c\u00e1psulas?<span class=\"ez-toc-section-end\"><\/span><\/h2>\n\n\n\n<p>Polivitam\u00ednicos em c\u00e1psulas s\u00e3o suplementos que possuem uma combina\u00e7\u00e3o de vitaminas e minerais em uma \u00fanica c\u00e1psula. Para a suplementa\u00e7\u00e3o infantil, eles s\u00e3o especialmente formulados visando atender \u00e0s necessidades nutricionais espec\u00edficas da inf\u00e2ncia.<\/p>\n\n\n\n<p>Dentre as vitaminas mais importantes que encontramos em polivitam\u00ednicos em c\u00e1psulas, podemos destacar:<\/p>\n\n\n\n<ul class=\"wp-block-list\">\n<li><strong>Vitamina A<\/strong>: Importante para a sa\u00fade da vis\u00e3o e para o desenvolvimento do sistema imunol\u00f3gico.<\/li>\n\n\n\n<li><strong>Vitaminas do complexo B<\/strong>: Auxiliam no metabolismo energ\u00e9tico e no bom funcionamento do sistema nervoso.<\/li>\n\n\n\n<li><strong>Vitamina C<\/strong>: Essencial para o sistema imunol\u00f3gico e para a absor\u00e7\u00e3o de ferro.<\/li>\n\n\n\n<li><strong>Vitamina D<\/strong>: Crucial para a sa\u00fade \u00f3ssea, j\u00e1 que promove a absor\u00e7\u00e3o de c\u00e1lcio e f\u00f3sforo.<\/li>\n\n\n\n<li><strong>Vitamina E<\/strong>: Atua como antioxidante, protegendo as c\u00e9lulas contra danos.<\/li>\n\n\n\n<li><strong>Minerais como c\u00e1lcio, ferro e zinco<\/strong>: Fundamentais para a sa\u00fade \u00f3ssea, o transporte de oxig\u00eanio no sangue e o fortalecimento do sistema imunol\u00f3gico.<\/li>\n<\/ul>\n\n\n\n<p>A vantagem principal dos polivitam\u00ednicos em c\u00e1psulas \u00e9 a sua praticidade devido \u00e0 facilidade de administra\u00e7\u00e3o e \u00e0 garantia de que a crian\u00e7a possua uma dose balanceada de diversos nutrientes essenciais para a inf\u00e2ncia e desenvolvimento.<\/p>\n\n\n\n<h3 class=\"wp-block-heading\"><span class=\"ez-toc-section\" id=\"Beneficios_dos_polivitaminicos_em_capsulas_para_a_supleemntacao_infantil\"><\/span>Benef\u00edcios dos polivitam\u00ednicos em c\u00e1psulas para a supleemnta\u00e7\u00e3o infantil<span class=\"ez-toc-section-end\"><\/span><\/h3>\n\n\n\n<p><strong>Praticidade de uso:<\/strong> Os polivitam\u00ednicos em c\u00e1psulas apresentam uma excelente praticidade quanto ao uso. Isso porque, com uma rotina corrida dos pais, os polivitam\u00ednicos s\u00e3o f\u00e1ceis de serem administrados e garantem que as crian\u00e7as recebam os nutrientes essenciais de forma r\u00e1pida e eficaz.<\/p>\n\n\n\n<p><strong>Absor\u00e7\u00e3o adequada<\/strong>: As f\u00f3rmulas dos polivitam\u00ednicos s\u00e3o desenvolvidas para garantir a melhor absor\u00e7\u00e3o poss\u00edvel dos nutrientes. Isso \u00e9 essencial para o organismo da crian\u00e7a aproveitar os benef\u00edcios do suplemento.<\/p>\n\n\n\n<p><strong>Corre\u00e7\u00e3o das defici\u00eancias de nutrientes<\/strong>: Quando a dieta da crian\u00e7a \u00e9 pobre em nutrientes, os polivitam\u00ednicos previnem defici\u00eancias que podem levar a problemas como anemia e ossos fracos.<\/p>\n\n\n\n<h3 class=\"wp-block-heading\"><span class=\"ez-toc-section\" id=\"Como_implementar_o_uso_dos_polivitaminicos_nas_criancas\"><\/span>Como implementar o uso dos polivitam\u00ednicos nas crian\u00e7as<span class=\"ez-toc-section-end\"><\/span><\/h3>\n\n\n\n<h4 class=\"wp-block-heading\"><span class=\"ez-toc-section\" id=\"Existe_um_momento_ideal\"><\/span>Existe um momento ideal<span class=\"ez-toc-section-end\"><\/span><\/h4>\n\n\n\n<p>O suplemento deve ser usado em um momento do dia quando os pais est\u00e3o presentes e podem fazer o controle do uso do suplemento. Ainda, \u00e9 preciso escolher um momento calmo, como ap\u00f3s o caf\u00e9 da manh\u00e3, quando, logo pela manh\u00e3, a crian\u00e7a recebe a quantidade ideal de nutrientes necess\u00e1rios.<\/p>\n\n\n\n<h4 class=\"wp-block-heading\"><span class=\"ez-toc-section\" id=\"Defina_um_horario_fixo\"><\/span>Defina um hor\u00e1rio fixo<span class=\"ez-toc-section-end\"><\/span><\/h4>\n\n\n\n<p>O hor\u00e1rio \u00e9 muito importante para garantir uma rotina adequada e periodicidade na ingest\u00e3o dos nutrientes.<\/p>\n\n\n\n<p>Se, em uma resid\u00eancia, n\u00e3o h\u00e1 um hor\u00e1rio bem definido para o caf\u00e9 da manh\u00e3, \u00e9 preciso definir um hor\u00e1rio para a ingest\u00e3o do suplemento. Isso porque \u00e9 necess\u00e1rio que o uso seja feito de forma regular para que os efeitos surjam e sejam bem aproveitados.<\/p>\n\n\n\n<h4 class=\"wp-block-heading\"><span class=\"ez-toc-section\" id=\"Converse_com_a_crianca\"><\/span>Converse com a crian\u00e7a<span class=\"ez-toc-section-end\"><\/span><\/h4>\n\n\n\n<p>A depender da idade da crian\u00e7a, \u00e9 preciso explicar o porqu\u00ea do uso do suplemento e deixar claro os benef\u00edcios que ser\u00e3o proporcionados. Afinal, ela precisa saber o que est\u00e1 utilizando e o porqu\u00ea.<\/p>\n\n\n\n<p>O di\u00e1logo em quest\u00f5es relacionadas \u00e0 sa\u00fade \u00e9 essencial. No entanto, \u00e9 preciso pontuar que o controle \u00e9 feito pelos pais, n\u00e3o se pode esperar que a crian\u00e7a fa\u00e7a a ingest\u00e3o sozinha, pois ainda n\u00e3o possui a percep\u00e7\u00e3o correta de uso e funcionamento.<\/p>\n\n\n\n<h2 class=\"wp-block-heading\"><span class=\"ez-toc-section\" id=\"A_alimentacao_equilibrada_aliada_ao_uso_dos_suplementos_infantis\"><\/span>A alimenta\u00e7\u00e3o equilibrada aliada ao uso dos suplementos infantis<span class=\"ez-toc-section-end\"><\/span><\/h2>\n\n\n\n<p>A suplementa\u00e7\u00e3o alimentar para crian\u00e7as \u00e9 excelente para corrigir falhas na dieta e promover um crescimento saud\u00e1vel (como voc\u00ea p\u00f4de conferir durante a leitura deste conte\u00fado). No entanto, nada adianta utilizar suplementos ricos em vitaminas e nutrientes essenciais para o desenvolvimento infantil se a alimenta\u00e7\u00e3o continuar incorreta.<\/p>\n\n\n\n<p>Os polivitam\u00ednicos da suplementa\u00e7\u00e3o infantil n\u00e3o funcionam como uma substitui\u00e7\u00e3o para uma boa alimenta\u00e7\u00e3o, mas sim como um aliado para as crian\u00e7as que n\u00e3o possuem uma rotina alimentar adequada e precisam ingerir mais nutrientes.<\/p>\n\n\n\n<p>Dessa forma, se faz necess\u00e1rio o consumo de alimentos que promovam a sa\u00fade e o crescimento saud\u00e1vel, como frutas, verduras, legumes, prote\u00ednas e gr\u00e3os integrais.<\/p>\n\n\n\n<p>Uma dieta balanceada \u00e9 a base para o bom desenvolvimento infantil e os suplementos s\u00e3o aliados essenciais e indispens\u00e1veis, no entanto, n\u00e3o substituem uma alimenta\u00e7\u00e3o correta.<\/p>\n","protected":false},"excerpt":{"rendered":"<p>A suplementa\u00e7\u00e3o infantil vem ganhando destaque no mercado de suplementos, fruto de uma preocupa\u00e7\u00e3o de pais que desejam promover aos [&hellip;]<\/p>\n","protected":false},"author":8,"featured_media":4920,"comment_status":"open","ping_status":"open","sticky":false,"template":"","format":"standard","meta":{"site-sidebar-layout":"default","site-content-layout":"","ast-site-content-layout":"default","site-content-style":"default","site-sidebar-style":"default","ast-global-header-display":"","ast-banner-title-visibility":"","ast-main-header-display":"","ast-hfb-above-header-display":"","ast-hfb-below-header-display":"","ast-hfb-mobile-header-display":"","site-post-title":"","ast-breadcrumbs-content":"","ast-featured-img":"","footer-sml-layout":"","ast-disable-related-posts":"","theme-transparent-header-meta":"","adv-header-id-meta":"","stick-header-meta":"","header-above-stick-meta":"","header-main-stick-meta":"","header-below-stick-meta":"","astra-migrate-meta-layouts":"default","ast-page-background-enabled":"default","ast-page-background-meta":{"desktop":{"background-color":"var(--ast-global-color-4)","background-image":"","background-repeat":"repeat","background-position":"center center","background-size":"auto","background-attachment":"scroll","background-type":"","background-media":"","overlay-type":"","overlay-color":"","overlay-opacity":"","overlay-gradient":""},"tablet":{"background-color":"","background-image":"","background-repeat":"repeat","background-position":"center center","background-size":"auto","background-attachment":"scroll","background-type":"","background-media":"","overlay-type":"","overlay-color":"","overlay-opacity":"","overlay-gradient":""},"mobile":{"background-color":"","background-image":"","background-repeat":"repeat","background-position":"center center","background-size":"auto","background-attachment":"scroll","background-type":"","background-media":"","overlay-type":"","overlay-color":"","overlay-opacity":"","overlay-gradient":""}},"ast-content-background-meta":{"desktop":{"background-color":"var(--ast-global-color-5)","background-image":"","background-repeat":"repeat","background-position":"center center","background-size":"auto","background-attachment":"scroll","background-type":"","background-media":"","overlay-type":"","overlay-color":"","overlay-opacity":"","overlay-gradient":""},"tablet":{"background-color":"var(--ast-global-color-5)","background-image":"","background-repeat":"repeat","background-position":"center center","background-size":"auto","background-attachment":"scroll","background-type":"","background-media":"","overlay-type":"","overlay-color":"","overlay-opacity":"","overlay-gradient":""},"mobile":{"background-color":"var(--ast-global-color-5)","background-image":"","background-repeat":"repeat","background-position":"center center","background-size":"auto","background-attachment":"scroll","background-type":"","background-media":"","overlay-type":"","overlay-color":"","overlay-opacity":"","overlay-gradient":""}},"footnotes":""},"categories":[493],"tags":[],"class_list":["post-5001","post","type-post","status-publish","format-standard","has-post-thumbnail","hentry","category-mercado-de-suplementos"],"yoast_head":"<!-- This site is optimized with the Yoast SEO plugin v27.4 - https:\/\/yoast.com\/product\/yoast-seo-wordpress\/ -->\n<title>Por que a suplementa\u00e7\u00e3o infantil \u00e9 importante? Tudo sobre suplementos para crian\u00e7as<\/title>\n<meta name=\"description\" content=\"A suplementa\u00e7\u00e3o infantil vem ganhando destaque no mercado devido a preocupa\u00e7\u00e3o de pais que desejam promover um estilo de vida mais saud\u00e1vel.\" \/>\n<meta name=\"robots\" content=\"index, follow, max-snippet:-1, max-image-preview:large, max-video-preview:-1\" \/>\n<link rel=\"canonical\" href=\"https:\/\/capsexpress.com.br\/blog\/porque-suplementacao-infantil-importante\/\" \/>\n<meta property=\"og:locale\" content=\"pt_BR\" \/>\n<meta property=\"og:type\" content=\"article\" \/>\n<meta property=\"og:title\" content=\"Por que a suplementa\u00e7\u00e3o infantil \u00e9 importante? Tudo sobre suplementos para crian\u00e7as\" \/>\n<meta property=\"og:description\" content=\"A suplementa\u00e7\u00e3o infantil vem ganhando destaque no mercado devido a preocupa\u00e7\u00e3o de pais que desejam promover um estilo de vida mais saud\u00e1vel.\" \/>\n<meta property=\"og:url\" content=\"https:\/\/capsexpress.com.br\/blog\/porque-suplementacao-infantil-importante\/\" \/>\n<meta property=\"og:site_name\" content=\"Capsexpress\" \/>\n<meta property=\"article:publisher\" content=\"https:\/\/www.facebook.com\/CapsExpressBRA\/\" \/>\n<meta property=\"article:published_time\" content=\"2024-10-12T17:00:00+00:00\" \/>\n<meta property=\"article:modified_time\" content=\"2024-12-02T03:20:46+00:00\" \/>\n<meta property=\"og:image\" content=\"https:\/\/capsexpress.com.br\/blog\/wp-content\/uploads\/2024\/10\/suplementacao-para-criancas.webp\" \/>\n\t<meta property=\"og:image:width\" content=\"750\" \/>\n\t<meta property=\"og:image:height\" content=\"430\" \/>\n\t<meta property=\"og:image:type\" content=\"image\/webp\" \/>\n<meta name=\"author\" content=\"Renato Barcellos\" \/>\n<meta name=\"twitter:card\" content=\"summary_large_image\" \/>\n<meta name=\"twitter:label1\" content=\"Escrito por\" \/>\n\t<meta name=\"twitter:data1\" content=\"Renato Barcellos\" \/>\n\t<meta name=\"twitter:label2\" content=\"Est. tempo de leitura\" \/>\n\t<meta name=\"twitter:data2\" content=\"7 minutos\" \/>\n<script type=\"application\/ld+json\" class=\"yoast-schema-graph\">{\"@context\":\"https:\\\/\\\/schema.org\",\"@graph\":[{\"@type\":\"NewsArticle\",\"@id\":\"https:\\\/\\\/capsexpress.com.br\\\/blog\\\/porque-suplementacao-infantil-importante\\\/#article\",\"isPartOf\":{\"@id\":\"https:\\\/\\\/capsexpress.com.br\\\/blog\\\/porque-suplementacao-infantil-importante\\\/\"},\"author\":{\"name\":\"Renato Barcellos\",\"@id\":\"https:\\\/\\\/capsexpress.com.br\\\/blog\\\/#\\\/schema\\\/person\\\/0986ed7ad91a536965ab960fb750dc0c\"},\"headline\":\"Por que a suplementa\u00e7\u00e3o infantil \u00e9 importante? Tudo sobre suplementos para crian\u00e7as\",\"datePublished\":\"2024-10-12T17:00:00+00:00\",\"dateModified\":\"2024-12-02T03:20:46+00:00\",\"mainEntityOfPage\":{\"@id\":\"https:\\\/\\\/capsexpress.com.br\\\/blog\\\/porque-suplementacao-infantil-importante\\\/\"},\"wordCount\":1286,\"commentCount\":0,\"publisher\":{\"@id\":\"https:\\\/\\\/capsexpress.com.br\\\/blog\\\/#organization\"},\"image\":{\"@id\":\"https:\\\/\\\/capsexpress.com.br\\\/blog\\\/porque-suplementacao-infantil-importante\\\/#primaryimage\"},\"thumbnailUrl\":\"https:\\\/\\\/capsexpress.com.br\\\/blog\\\/wp-content\\\/uploads\\\/2024\\\/10\\\/suplementacao-para-criancas.webp\",\"articleSection\":[\"Mercado de suplementos\"],\"inLanguage\":\"pt-BR\",\"potentialAction\":[{\"@type\":\"CommentAction\",\"name\":\"Comment\",\"target\":[\"https:\\\/\\\/capsexpress.com.br\\\/blog\\\/porque-suplementacao-infantil-importante\\\/#respond\"]}]},{\"@type\":\"WebPage\",\"@id\":\"https:\\\/\\\/capsexpress.com.br\\\/blog\\\/porque-suplementacao-infantil-importante\\\/\",\"url\":\"https:\\\/\\\/capsexpress.com.br\\\/blog\\\/porque-suplementacao-infantil-importante\\\/\",\"name\":\"Por que a suplementa\u00e7\u00e3o infantil \u00e9 importante? Tudo sobre suplementos para crian\u00e7as\",\"isPartOf\":{\"@id\":\"https:\\\/\\\/capsexpress.com.br\\\/blog\\\/#website\"},\"primaryImageOfPage\":{\"@id\":\"https:\\\/\\\/capsexpress.com.br\\\/blog\\\/porque-suplementacao-infantil-importante\\\/#primaryimage\"},\"image\":{\"@id\":\"https:\\\/\\\/capsexpress.com.br\\\/blog\\\/porque-suplementacao-infantil-importante\\\/#primaryimage\"},\"thumbnailUrl\":\"https:\\\/\\\/capsexpress.com.br\\\/blog\\\/wp-content\\\/uploads\\\/2024\\\/10\\\/suplementacao-para-criancas.webp\",\"datePublished\":\"2024-10-12T17:00:00+00:00\",\"dateModified\":\"2024-12-02T03:20:46+00:00\",\"description\":\"A suplementa\u00e7\u00e3o infantil vem ganhando destaque no mercado devido a preocupa\u00e7\u00e3o de pais que desejam promover um estilo de vida mais saud\u00e1vel.\",\"breadcrumb\":{\"@id\":\"https:\\\/\\\/capsexpress.com.br\\\/blog\\\/porque-suplementacao-infantil-importante\\\/#breadcrumb\"},\"inLanguage\":\"pt-BR\",\"potentialAction\":[{\"@type\":\"ReadAction\",\"target\":[\"https:\\\/\\\/capsexpress.com.br\\\/blog\\\/porque-suplementacao-infantil-importante\\\/\"]}]},{\"@type\":\"ImageObject\",\"inLanguage\":\"pt-BR\",\"@id\":\"https:\\\/\\\/capsexpress.com.br\\\/blog\\\/porque-suplementacao-infantil-importante\\\/#primaryimage\",\"url\":\"https:\\\/\\\/capsexpress.com.br\\\/blog\\\/wp-content\\\/uploads\\\/2024\\\/10\\\/suplementacao-para-criancas.webp\",\"contentUrl\":\"https:\\\/\\\/capsexpress.com.br\\\/blog\\\/wp-content\\\/uploads\\\/2024\\\/10\\\/suplementacao-para-criancas.webp\",\"width\":750,\"height\":430,\"caption\":\"Suplementa\u00e7\u00e3o infantil.\"},{\"@type\":\"BreadcrumbList\",\"@id\":\"https:\\\/\\\/capsexpress.com.br\\\/blog\\\/porque-suplementacao-infantil-importante\\\/#breadcrumb\",\"itemListElement\":[{\"@type\":\"ListItem\",\"position\":1,\"name\":\"In\u00edcio\",\"item\":\"https:\\\/\\\/capsexpress.com.br\\\/blog\\\/\"},{\"@type\":\"ListItem\",\"position\":2,\"name\":\"Por que a suplementa\u00e7\u00e3o infantil \u00e9 importante? Tudo sobre suplementos para crian\u00e7as\"}]},{\"@type\":\"WebSite\",\"@id\":\"https:\\\/\\\/capsexpress.com.br\\\/blog\\\/#website\",\"url\":\"https:\\\/\\\/capsexpress.com.br\\\/blog\\\/\",\"name\":\"Capsexpress\",\"description\":\"Suplementos e solu\u00e7\u00f5es para marca pr\u00f3pria\",\"publisher\":{\"@id\":\"https:\\\/\\\/capsexpress.com.br\\\/blog\\\/#organization\"},\"potentialAction\":[{\"@type\":\"SearchAction\",\"target\":{\"@type\":\"EntryPoint\",\"urlTemplate\":\"https:\\\/\\\/capsexpress.com.br\\\/blog\\\/?s={search_term_string}\"},\"query-input\":{\"@type\":\"PropertyValueSpecification\",\"valueRequired\":true,\"valueName\":\"search_term_string\"}}],\"inLanguage\":\"pt-BR\"},{\"@type\":\"Organization\",\"@id\":\"https:\\\/\\\/capsexpress.com.br\\\/blog\\\/#organization\",\"name\":\"CapsExpress\",\"url\":\"https:\\\/\\\/capsexpress.com.br\\\/blog\\\/\",\"logo\":{\"@type\":\"ImageObject\",\"inLanguage\":\"pt-BR\",\"@id\":\"https:\\\/\\\/capsexpress.com.br\\\/blog\\\/#\\\/schema\\\/logo\\\/image\\\/\",\"url\":\"https:\\\/\\\/capsexpress.com.br\\\/blog\\\/wp-content\\\/uploads\\\/2019\\\/08\\\/capsexpresslogo.png\",\"contentUrl\":\"https:\\\/\\\/capsexpress.com.br\\\/blog\\\/wp-content\\\/uploads\\\/2019\\\/08\\\/capsexpresslogo.png\",\"width\":230,\"height\":90,\"caption\":\"CapsExpress\"},\"image\":{\"@id\":\"https:\\\/\\\/capsexpress.com.br\\\/blog\\\/#\\\/schema\\\/logo\\\/image\\\/\"},\"sameAs\":[\"https:\\\/\\\/www.facebook.com\\\/CapsExpressBRA\\\/\",\"https:\\\/\\\/www.instagram.com\\\/capsexpressbra\\\/\",\"https:\\\/\\\/www.youtube.com\\\/Capsexpress\"]},{\"@type\":\"Person\",\"@id\":\"https:\\\/\\\/capsexpress.com.br\\\/blog\\\/#\\\/schema\\\/person\\\/0986ed7ad91a536965ab960fb750dc0c\",\"name\":\"Renato Barcellos\",\"image\":{\"@type\":\"ImageObject\",\"inLanguage\":\"pt-BR\",\"@id\":\"https:\\\/\\\/capsexpress.com.br\\\/blog\\\/wp-content\\\/uploads\\\/2025\\\/07\\\/Flux_Dev_A_realistic_portrait_of_a_professional_male_journalis_3.jpg\",\"url\":\"https:\\\/\\\/capsexpress.com.br\\\/blog\\\/wp-content\\\/uploads\\\/2025\\\/07\\\/Flux_Dev_A_realistic_portrait_of_a_professional_male_journalis_3.jpg\",\"contentUrl\":\"https:\\\/\\\/capsexpress.com.br\\\/blog\\\/wp-content\\\/uploads\\\/2025\\\/07\\\/Flux_Dev_A_realistic_portrait_of_a_professional_male_journalis_3.jpg\",\"caption\":\"Renato Barcellos\"},\"description\":\"Sobre o Autor: Renato Barcellos \u00e9 editor do Blog da Capsexpress e especialista em marcas pr\u00f3prias, estrat\u00e9gias de posicionamento e neg\u00f3cios escal\u00e1veis no setor de suplementos e bens de consumo. Com forma\u00e7\u00e3o em Comunica\u00e7\u00e3o e ampla viv\u00eancia no mercado editorial, j\u00e1 colaborou com publica\u00e7\u00f5es voltadas ao empreendedorismo, inova\u00e7\u00e3o e ind\u00fastria. Na Capsexpress, conecta conhecimento pr\u00e1tico com an\u00e1lise cr\u00edtica para ajudar empreendedores a transformarem boas ideias em neg\u00f3cios reais \u2014 sustent\u00e1veis, lucrativos e preparados para crescer.\",\"sameAs\":[\"RenatobarcelosC\"],\"url\":\"https:\\\/\\\/capsexpress.com.br\\\/blog\\\/author\\\/isaceugenio\\\/\"}]}<\/script>\n<!-- \/ Yoast SEO plugin. -->","yoast_head_json":{"title":"Por que a suplementa\u00e7\u00e3o infantil \u00e9 importante? Tudo sobre suplementos para crian\u00e7as","description":"A suplementa\u00e7\u00e3o infantil vem ganhando destaque no mercado devido a preocupa\u00e7\u00e3o de pais que desejam promover um estilo de vida mais saud\u00e1vel.","robots":{"index":"index","follow":"follow","max-snippet":"max-snippet:-1","max-image-preview":"max-image-preview:large","max-video-preview":"max-video-preview:-1"},"canonical":"https:\/\/capsexpress.com.br\/blog\/porque-suplementacao-infantil-importante\/","og_locale":"pt_BR","og_type":"article","og_title":"Por que a suplementa\u00e7\u00e3o infantil \u00e9 importante? Tudo sobre suplementos para crian\u00e7as","og_description":"A suplementa\u00e7\u00e3o infantil vem ganhando destaque no mercado devido a preocupa\u00e7\u00e3o de pais que desejam promover um estilo de vida mais saud\u00e1vel.","og_url":"https:\/\/capsexpress.com.br\/blog\/porque-suplementacao-infantil-importante\/","og_site_name":"Capsexpress","article_publisher":"https:\/\/www.facebook.com\/CapsExpressBRA\/","article_published_time":"2024-10-12T17:00:00+00:00","article_modified_time":"2024-12-02T03:20:46+00:00","og_image":[{"width":750,"height":430,"url":"https:\/\/capsexpress.com.br\/blog\/wp-content\/uploads\/2024\/10\/suplementacao-para-criancas.webp","type":"image\/webp"}],"author":"Renato Barcellos","twitter_card":"summary_large_image","twitter_misc":{"Escrito por":"Renato Barcellos","Est. tempo de leitura":"7 minutos"},"schema":{"@context":"https:\/\/schema.org","@graph":[{"@type":"NewsArticle","@id":"https:\/\/capsexpress.com.br\/blog\/porque-suplementacao-infantil-importante\/#article","isPartOf":{"@id":"https:\/\/capsexpress.com.br\/blog\/porque-suplementacao-infantil-importante\/"},"author":{"name":"Renato Barcellos","@id":"https:\/\/capsexpress.com.br\/blog\/#\/schema\/person\/0986ed7ad91a536965ab960fb750dc0c"},"headline":"Por que a suplementa\u00e7\u00e3o infantil \u00e9 importante? Tudo sobre suplementos para crian\u00e7as","datePublished":"2024-10-12T17:00:00+00:00","dateModified":"2024-12-02T03:20:46+00:00","mainEntityOfPage":{"@id":"https:\/\/capsexpress.com.br\/blog\/porque-suplementacao-infantil-importante\/"},"wordCount":1286,"commentCount":0,"publisher":{"@id":"https:\/\/capsexpress.com.br\/blog\/#organization"},"image":{"@id":"https:\/\/capsexpress.com.br\/blog\/porque-suplementacao-infantil-importante\/#primaryimage"},"thumbnailUrl":"https:\/\/capsexpress.com.br\/blog\/wp-content\/uploads\/2024\/10\/suplementacao-para-criancas.webp","articleSection":["Mercado de suplementos"],"inLanguage":"pt-BR","potentialAction":[{"@type":"CommentAction","name":"Comment","target":["https:\/\/capsexpress.com.br\/blog\/porque-suplementacao-infantil-importante\/#respond"]}]},{"@type":"WebPage","@id":"https:\/\/capsexpress.com.br\/blog\/porque-suplementacao-infantil-importante\/","url":"https:\/\/capsexpress.com.br\/blog\/porque-suplementacao-infantil-importante\/","name":"Por que a suplementa\u00e7\u00e3o infantil \u00e9 importante? Tudo sobre suplementos para crian\u00e7as","isPartOf":{"@id":"https:\/\/capsexpress.com.br\/blog\/#website"},"primaryImageOfPage":{"@id":"https:\/\/capsexpress.com.br\/blog\/porque-suplementacao-infantil-importante\/#primaryimage"},"image":{"@id":"https:\/\/capsexpress.com.br\/blog\/porque-suplementacao-infantil-importante\/#primaryimage"},"thumbnailUrl":"https:\/\/capsexpress.com.br\/blog\/wp-content\/uploads\/2024\/10\/suplementacao-para-criancas.webp","datePublished":"2024-10-12T17:00:00+00:00","dateModified":"2024-12-02T03:20:46+00:00","description":"A suplementa\u00e7\u00e3o infantil vem ganhando destaque no mercado devido a preocupa\u00e7\u00e3o de pais que desejam promover um estilo de vida mais saud\u00e1vel.","breadcrumb":{"@id":"https:\/\/capsexpress.com.br\/blog\/porque-suplementacao-infantil-importante\/#breadcrumb"},"inLanguage":"pt-BR","potentialAction":[{"@type":"ReadAction","target":["https:\/\/capsexpress.com.br\/blog\/porque-suplementacao-infantil-importante\/"]}]},{"@type":"ImageObject","inLanguage":"pt-BR","@id":"https:\/\/capsexpress.com.br\/blog\/porque-suplementacao-infantil-importante\/#primaryimage","url":"https:\/\/capsexpress.com.br\/blog\/wp-content\/uploads\/2024\/10\/suplementacao-para-criancas.webp","contentUrl":"https:\/\/capsexpress.com.br\/blog\/wp-content\/uploads\/2024\/10\/suplementacao-para-criancas.webp","width":750,"height":430,"caption":"Suplementa\u00e7\u00e3o infantil."},{"@type":"BreadcrumbList","@id":"https:\/\/capsexpress.com.br\/blog\/porque-suplementacao-infantil-importante\/#breadcrumb","itemListElement":[{"@type":"ListItem","position":1,"name":"In\u00edcio","item":"https:\/\/capsexpress.com.br\/blog\/"},{"@type":"ListItem","position":2,"name":"Por que a suplementa\u00e7\u00e3o infantil \u00e9 importante? Tudo sobre suplementos para crian\u00e7as"}]},{"@type":"WebSite","@id":"https:\/\/capsexpress.com.br\/blog\/#website","url":"https:\/\/capsexpress.com.br\/blog\/","name":"Capsexpress","description":"Suplementos e solu\u00e7\u00f5es para marca pr\u00f3pria","publisher":{"@id":"https:\/\/capsexpress.com.br\/blog\/#organization"},"potentialAction":[{"@type":"SearchAction","target":{"@type":"EntryPoint","urlTemplate":"https:\/\/capsexpress.com.br\/blog\/?s={search_term_string}"},"query-input":{"@type":"PropertyValueSpecification","valueRequired":true,"valueName":"search_term_string"}}],"inLanguage":"pt-BR"},{"@type":"Organization","@id":"https:\/\/capsexpress.com.br\/blog\/#organization","name":"CapsExpress","url":"https:\/\/capsexpress.com.br\/blog\/","logo":{"@type":"ImageObject","inLanguage":"pt-BR","@id":"https:\/\/capsexpress.com.br\/blog\/#\/schema\/logo\/image\/","url":"https:\/\/capsexpress.com.br\/blog\/wp-content\/uploads\/2019\/08\/capsexpresslogo.png","contentUrl":"https:\/\/capsexpress.com.br\/blog\/wp-content\/uploads\/2019\/08\/capsexpresslogo.png","width":230,"height":90,"caption":"CapsExpress"},"image":{"@id":"https:\/\/capsexpress.com.br\/blog\/#\/schema\/logo\/image\/"},"sameAs":["https:\/\/www.facebook.com\/CapsExpressBRA\/","https:\/\/www.instagram.com\/capsexpressbra\/","https:\/\/www.youtube.com\/Capsexpress"]},{"@type":"Person","@id":"https:\/\/capsexpress.com.br\/blog\/#\/schema\/person\/0986ed7ad91a536965ab960fb750dc0c","name":"Renato Barcellos","image":{"@type":"ImageObject","inLanguage":"pt-BR","@id":"https:\/\/capsexpress.com.br\/blog\/wp-content\/uploads\/2025\/07\/Flux_Dev_A_realistic_portrait_of_a_professional_male_journalis_3.jpg","url":"https:\/\/capsexpress.com.br\/blog\/wp-content\/uploads\/2025\/07\/Flux_Dev_A_realistic_portrait_of_a_professional_male_journalis_3.jpg","contentUrl":"https:\/\/capsexpress.com.br\/blog\/wp-content\/uploads\/2025\/07\/Flux_Dev_A_realistic_portrait_of_a_professional_male_journalis_3.jpg","caption":"Renato Barcellos"},"description":"Sobre o Autor: Renato Barcellos \u00e9 editor do Blog da Capsexpress e especialista em marcas pr\u00f3prias, estrat\u00e9gias de posicionamento e neg\u00f3cios escal\u00e1veis no setor de suplementos e bens de consumo. Com forma\u00e7\u00e3o em Comunica\u00e7\u00e3o e ampla viv\u00eancia no mercado editorial, j\u00e1 colaborou com publica\u00e7\u00f5es voltadas ao empreendedorismo, inova\u00e7\u00e3o e ind\u00fastria. Na Capsexpress, conecta conhecimento pr\u00e1tico com an\u00e1lise cr\u00edtica para ajudar empreendedores a transformarem boas ideias em neg\u00f3cios reais \u2014 sustent\u00e1veis, lucrativos e preparados para crescer.","sameAs":["RenatobarcelosC"],"url":"https:\/\/capsexpress.com.br\/blog\/author\/isaceugenio\/"}]}},"_links":{"self":[{"href":"https:\/\/capsexpress.com.br\/blog\/wp-json\/wp\/v2\/posts\/5001","targetHints":{"allow":["GET"]}}],"collection":[{"href":"https:\/\/capsexpress.com.br\/blog\/wp-json\/wp\/v2\/posts"}],"about":[{"href":"https:\/\/capsexpress.com.br\/blog\/wp-json\/wp\/v2\/types\/post"}],"author":[{"embeddable":true,"href":"https:\/\/capsexpress.com.br\/blog\/wp-json\/wp\/v2\/users\/8"}],"replies":[{"embeddable":true,"href":"https:\/\/capsexpress.com.br\/blog\/wp-json\/wp\/v2\/comments?post=5001"}],"version-history":[{"count":1,"href":"https:\/\/capsexpress.com.br\/blog\/wp-json\/wp\/v2\/posts\/5001\/revisions"}],"predecessor-version":[{"id":5002,"href":"https:\/\/capsexpress.com.br\/blog\/wp-json\/wp\/v2\/posts\/5001\/revisions\/5002"}],"wp:featuredmedia":[{"embeddable":true,"href":"https:\/\/capsexpress.com.br\/blog\/wp-json\/wp\/v2\/media\/4920"}],"wp:attachment":[{"href":"https:\/\/capsexpress.com.br\/blog\/wp-json\/wp\/v2\/media?parent=5001"}],"wp:term":[{"taxonomy":"category","embeddable":true,"href":"https:\/\/capsexpress.com.br\/blog\/wp-json\/wp\/v2\/categories?post=5001"},{"taxonomy":"post_tag","embeddable":true,"href":"https:\/\/capsexpress.com.br\/blog\/wp-json\/wp\/v2\/tags?post=5001"}],"curies":[{"name":"wp","href":"https:\/\/api.w.org\/{rel}","templated":true}]}}