{"id":3553,"date":"2023-08-23T09:30:53","date_gmt":"2023-08-23T12:30:53","guid":{"rendered":"https:\/\/capsexpress.com.br\/blog\/?p=3553"},"modified":"2024-07-18T15:19:51","modified_gmt":"2024-07-18T18:19:51","slug":"capscast-feiras-imperdiveis-mercado-suplementos","status":"publish","type":"post","link":"https:\/\/capsexpress.com.br\/blog\/capscast-feiras-imperdiveis-mercado-suplementos\/","title":{"rendered":"Capscast T3 E09 &#8211; Feiras imperd\u00edveis do mercado de suplementos"},"content":{"rendered":"\n<p>Em mais um epis\u00f3dio do Capscast, o nosso podcast do mercado digital, vamos abordar as feiras para o mercado de encapsulados e o que cada feira proporciona.<\/p>\n\n\n\n<figure class=\"wp-block-embed aligncenter is-type-video is-provider-spotify wp-block-embed-spotify wp-embed-aspect-16-9 wp-has-aspect-ratio\"><div class=\"wp-block-embed__wrapper\">\n<iframe title=\"Spotify Embed: Feiras imperd\u00edveis do mercado de suplementos.\" style=\"border-radius: 12px\" width=\"624\" height=\"351\" frameborder=\"0\" allowfullscreen allow=\"autoplay; clipboard-write; encrypted-media; fullscreen; picture-in-picture\" loading=\"lazy\" src=\"https:\/\/open.spotify.com\/embed\/episode\/0gg8WBoA93nuQbkUScYKHz\/video?si=cb7f1f4b9dc140c2&#038;utm_source=oembed\"><\/iframe>\n<\/div><\/figure>\n\n\n\n<p>Abordaremos algumas feiras que j\u00e1 participamos neste ano de 2023 e outra feira que vamos participar e trazer novidades sobre este mercado, o mercado de suplementos.<\/p>\n\n\n\n<p>Neste podcast, os participantes s\u00e3o o Vinicius Guzzo e o J\u00falio.<\/p>\n\n\n\n<p>Fique neste conte\u00fado porque est\u00e1 imperd\u00edvel!<\/p>\n\n\n\n<p>Confria as feiras que a Capsexpress participou.<\/p>\n\n\n\n<div id=\"ez-toc-container\" class=\"ez-toc-v2_0_82_2 counter-hierarchy ez-toc-counter ez-toc-custom ez-toc-container-direction\">\n<div class=\"ez-toc-title-container\">\n<p class=\"ez-toc-title\" style=\"cursor:inherit\">Sum\u00e1rio<\/p>\n<span class=\"ez-toc-title-toggle\"><\/span><\/div>\n<nav><ul class='ez-toc-list ez-toc-list-level-1 ' ><li class='ez-toc-page-1 ez-toc-heading-level-2'><a class=\"ez-toc-link ez-toc-heading-1\" href=\"https:\/\/capsexpress.com.br\/blog\/capscast-feiras-imperdiveis-mercado-suplementos\/#Abradilan\" >Abradilan<\/a><\/li><li class='ez-toc-page-1 ez-toc-heading-level-2'><a class=\"ez-toc-link ez-toc-heading-2\" href=\"https:\/\/capsexpress.com.br\/blog\/capscast-feiras-imperdiveis-mercado-suplementos\/#Afiliados_Brasil\" >Afiliados Brasil<\/a><\/li><li class='ez-toc-page-1 ez-toc-heading-level-2'><a class=\"ez-toc-link ez-toc-heading-3\" href=\"https:\/\/capsexpress.com.br\/blog\/capscast-feiras-imperdiveis-mercado-suplementos\/#Naturaltech\" >Naturaltech<\/a><\/li><li class='ez-toc-page-1 ez-toc-heading-level-2'><a class=\"ez-toc-link ez-toc-heading-4\" href=\"https:\/\/capsexpress.com.br\/blog\/capscast-feiras-imperdiveis-mercado-suplementos\/#Nossas_novidades\" >Nossas novidades<\/a><\/li><li class='ez-toc-page-1 ez-toc-heading-level-2'><a class=\"ez-toc-link ez-toc-heading-5\" href=\"https:\/\/capsexpress.com.br\/blog\/capscast-feiras-imperdiveis-mercado-suplementos\/#Beauty_Fair_%E2%80%93_Proxima_feira_em_setembro_de_2023\" >Beauty Fair &#8211; Pr\u00f3xima feira em setembro de 2023<\/a><\/li><li class='ez-toc-page-1 ez-toc-heading-level-2'><a class=\"ez-toc-link ez-toc-heading-6\" href=\"https:\/\/capsexpress.com.br\/blog\/capscast-feiras-imperdiveis-mercado-suplementos\/#Consideracoes_finais\" >Considera\u00e7\u00f5es finais<\/a><\/li><\/ul><\/nav><\/div>\n<h2 class=\"wp-block-heading\"><span class=\"ez-toc-section\" id=\"Abradilan\"><\/span>Abradilan<span class=\"ez-toc-section-end\"><\/span><\/h2>\n\n\n\n<figure class=\"wp-block-image aligncenter size-large is-resized\"><img fetchpriority=\"high\" decoding=\"async\" width=\"1024\" height=\"1014\" src=\"https:\/\/capsexpress.com.br\/blog\/wp-content\/uploads\/2023\/08\/feira-abradilan-capsexpress-1024x1014.jpeg\" alt=\"Abradilan - Feira de suplementos-capsexpress.\" class=\"wp-image-3556\" style=\"width:648px;height:641px\" srcset=\"https:\/\/capsexpress.com.br\/blog\/wp-content\/uploads\/2023\/08\/feira-abradilan-capsexpress-1024x1014.jpeg 1024w, https:\/\/capsexpress.com.br\/blog\/wp-content\/uploads\/2023\/08\/feira-abradilan-capsexpress-300x297.jpeg 300w, https:\/\/capsexpress.com.br\/blog\/wp-content\/uploads\/2023\/08\/feira-abradilan-capsexpress-150x150.jpeg 150w, https:\/\/capsexpress.com.br\/blog\/wp-content\/uploads\/2023\/08\/feira-abradilan-capsexpress-768x760.jpeg 768w, https:\/\/capsexpress.com.br\/blog\/wp-content\/uploads\/2023\/08\/feira-abradilan-capsexpress-1536x1521.jpeg 1536w, https:\/\/capsexpress.com.br\/blog\/wp-content\/uploads\/2023\/08\/feira-abradilan-capsexpress.jpeg 1600w\" sizes=\"(max-width: 1024px) 100vw, 1024px\" \/><\/figure>\n\n\n\n<div style=\"height:20px\" aria-hidden=\"true\" class=\"wp-block-spacer\"><\/div>\n\n\n\n<p>A primeira feira de suplementos que participamos este ano foi a Abradilan Conex\u00e3o Farma, que aconteceu em mar\u00e7o, em S\u00e3o Paulo.<\/p>\n\n\n\n<p>Esta feira foi voltada para o mercado farmac\u00eautico que engloba distribuidoras e lojas farmac\u00eauticas, resumindo, para a galera mais voltado para o ramo farmac\u00eautico.<\/p>\n\n\n\n<p>A feira tinha novidades dentro do ramo, Julio destaca que foi uma feira \u00f3tima, por\u00e9m, como dito, uma feira bem espec\u00edfica.<\/p>\n\n\n\n<p>Portanto, n\u00e3o \u00e9 uma feira para lan\u00e7amento de grandes produtos, e Julio tamb\u00e9m ressalta que n\u00e3o \u00e9 uma feira de muita moda (em termos de mercado).<\/p>\n\n\n\n<p>A Abradilan \u00e9 uma feira de estar em contato e estar presente para fazer neg\u00f3cios entre os expositores e possuir contato com o cliente de forma mais direta, podendo at\u00e9 mesmo conversar com ele.<\/p>\n\n\n\n<p>Vinicius tamb\u00e9m destaca que \u00e9 uma feira muito voltada para representantes, e presenciou representantes de variadas distribuidoras brasileiras na Abradilan.<\/p>\n\n\n\n<p>No epis\u00f3dio, os participantes tamb\u00e9m destacam que \u00e9 uma feira que tamb\u00e9m destacam-se as vendas, pois v\u00e3o representantes com produtos de cat\u00e1logo.<\/p>\n\n\n\n<p>Inclusive, quando a Capsexpress chegou na Abradilan, ficou um pouco confuso para quem estava l\u00e1 porque somos uma empresa de terceiriza\u00e7\u00e3o, e esta foi a primeira vez que participamos da Abradilan.<\/p>\n\n\n\n<p>Para n\u00f3s, foi uma aprendizagem, at\u00e9 voltamos com ideias de proporcionar um cat\u00e1logo espec\u00edfico para o p\u00fablico da Abradilan.<\/p>\n\n\n\n<p>No pr\u00f3ximo ano, em 2024, pretendemos voltar j\u00e1 com uma nova pegada para a feira, a fim de oferecer o que este p\u00fablico diferente do nosso precisa.<\/p>\n\n\n\n<p>Entretanto, conseguimos bons parceiros e j\u00e1 estamos trabalhando com eles.<\/p>\n\n\n\n<p>A feira Abradilan possui pouco mais de 23 mil visitantes e mais de 140 expositores, ou seja, um n\u00famero bem expressivo, tr\u00eas dias de dura\u00e7\u00e3o e um espa\u00e7o tecnicamente pequeno, portanto, \u00e9 uma feira que possui grande impacto e relev\u00e2ncia para o p\u00fablico que se destina.<\/p>\n\n\n\n<h2 class=\"wp-block-heading\"><span class=\"ez-toc-section\" id=\"Afiliados_Brasil\"><\/span>Afiliados Brasil<span class=\"ez-toc-section-end\"><\/span><\/h2>\n\n\n\n<figure class=\"wp-block-image aligncenter size-large is-resized\"><img decoding=\"async\" width=\"768\" height=\"1024\" src=\"https:\/\/capsexpress.com.br\/blog\/wp-content\/uploads\/2023\/08\/afiliados-brasil-capsexpress-768x1024.jpeg\" alt=\"Feira afiliados Brasil.\" class=\"wp-image-3557\" style=\"width:551px;height:735px\" srcset=\"https:\/\/capsexpress.com.br\/blog\/wp-content\/uploads\/2023\/08\/afiliados-brasil-capsexpress-768x1024.jpeg 768w, https:\/\/capsexpress.com.br\/blog\/wp-content\/uploads\/2023\/08\/afiliados-brasil-capsexpress-225x300.jpeg 225w, https:\/\/capsexpress.com.br\/blog\/wp-content\/uploads\/2023\/08\/afiliados-brasil-capsexpress-1152x1536.jpeg 1152w, https:\/\/capsexpress.com.br\/blog\/wp-content\/uploads\/2023\/08\/afiliados-brasil-capsexpress.jpeg 1200w\" sizes=\"(max-width: 768px) 100vw, 768px\" \/><\/figure>\n\n\n\n<div style=\"height:20px\" aria-hidden=\"true\" class=\"wp-block-spacer\"><\/div>\n\n\n\n<p>A Afiliados Brasil \u00e9 a maior feira da Am\u00e9rica Latina do setor de afiliados, e este ano esta feira obteve uma expans\u00e3o, al\u00e9m de se destinar para o p\u00fablico de afiliados, tamb\u00e9m destinado ao p\u00fablico de <em>gambling, <\/em>p\u00fablico este de casas esportivas e de apostas online.<\/p>\n\n\n\n<p>Portanto, este ano a Afiliados Brasil foi um evento muito maior, visto que misturou a feira com a Gambling Brasil.<\/p>\n\n\n\n<p>Vinicius destaca que percebeu que havia muito mais pessoas visitando, apresentando um p\u00fablico maior do que no ano passado.<\/p>\n\n\n\n<p>A Afiliados Brasil vai al\u00e9m de uma feira, podemos dizer que \u00e9 como um congresso, pois foca na cria\u00e7\u00e3o de conte\u00fado, proporcionando assim um aprendizado muito grande para os visitantes.<\/p>\n\n\n\n<p>Julio aproveita e destaca que h\u00e1 profissionais refer\u00eancias no mercado digital de afiliados do Brasil e de fora, que v\u00e3o at\u00e9 a feira para falar sobre o mercado de afiliados.<\/p>\n\n\n\n<p>N\u00e3o \u00e9 uma feira para lan\u00e7ar produtos e trazer novidades, mas sim para aprendizado e consumo de conte\u00fado sobre o mercado de afiliados.<\/p>\n\n\n\n<p>Este ano est\u00e1vamos bem posicionados assim como no ano passado, visitantes vieram conversar com a gente e marcamos boas visitas no nosso estande de exposi\u00e7\u00e3o.<\/p>\n\n\n\n<p>Para networking, a Afiliados Brasil \u00e9 uma \u00f3tima feira.<\/p>\n\n\n\n<p>H\u00e1, por exemplo, empresas de meios de pagamento, ent\u00e3o, quem quer ir na Afiliados Brasil para negociar meios e taxas de pagamentos, \u00e9 uma \u00f3tima ideia.<\/p>\n\n\n\n<p>Inclusive, na feira haviam interessados em expandir os neg\u00f3cios para os Estados Unidos e para a Am\u00e9rica Latina.<\/p>\n\n\n\n<p>Os participantes citam, como exemplo, os pa\u00edses do Mercosul, exceto o Brasil, n\u00e3o possuem tanta entrega de solu\u00e7\u00f5es, ou seja, h\u00e1 demanda, mas n\u00e3o h\u00e1 solu\u00e7\u00f5es suficientes no mercado, ent\u00e3o expandir os neg\u00f3cios para estes pa\u00edses, h\u00e1 sua recompensa.<\/p>\n\n\n\n<p>Voc\u00ea, que nos acompanha e est\u00e1 lendo este conte\u00fado, tire um tempo para pesquisar e entender o que est\u00e1 acontecendo no marketing de afiliados e digital fora do Brasil.<\/p>\n\n\n\n<p>Isso porque h\u00e1 uma grande oportunidade para quem est\u00e1 entrando neste mercado de afiliados e principalmente para quem j\u00e1 est\u00e1 e quer expandir os neg\u00f3cios.<\/p>\n\n\n\n<p>Na Afiliados Brasil, a Capsexpress obteve mais de 20 visitas agendadas no estande, clientes que voltaram e relataram que obtiveram um \u00f3timo p\u00f3s-feira desde o ano passado, parceria com expositores<\/p>\n\n\n\n<h2 class=\"wp-block-heading\"><span class=\"ez-toc-section\" id=\"Naturaltech\"><\/span>Naturaltech<span class=\"ez-toc-section-end\"><\/span><\/h2>\n\n\n\n<figure class=\"wp-block-image aligncenter size-large is-resized\"><img decoding=\"async\" width=\"819\" height=\"1024\" src=\"https:\/\/capsexpress.com.br\/blog\/wp-content\/uploads\/2023\/08\/naturaltech-feira-capsexpress-819x1024.jpeg\" alt=\"Participa\u00e7\u00e3o da Capsexpress na feira Naturaltech.\" class=\"wp-image-3558\" style=\"width:576px;height:720px\" srcset=\"https:\/\/capsexpress.com.br\/blog\/wp-content\/uploads\/2023\/08\/naturaltech-feira-capsexpress-819x1024.jpeg 819w, https:\/\/capsexpress.com.br\/blog\/wp-content\/uploads\/2023\/08\/naturaltech-feira-capsexpress-240x300.jpeg 240w, https:\/\/capsexpress.com.br\/blog\/wp-content\/uploads\/2023\/08\/naturaltech-feira-capsexpress-768x960.jpeg 768w, https:\/\/capsexpress.com.br\/blog\/wp-content\/uploads\/2023\/08\/naturaltech-feira-capsexpress-1229x1536.jpeg 1229w, https:\/\/capsexpress.com.br\/blog\/wp-content\/uploads\/2023\/08\/naturaltech-feira-capsexpress.jpeg 1280w\" sizes=\"(max-width: 819px) 100vw, 819px\" \/><\/figure>\n\n\n\n<div style=\"height:20px\" aria-hidden=\"true\" class=\"wp-block-spacer\"><\/div>\n\n\n\n<p>A Bio Fair Naturaltech, ou somente Naturaltech, \u00e9 a maior feira de produtos naturais da Am\u00e9rica Latina.<\/p>\n\n\n\n<p>Refer\u00eancia em neg\u00f3cios, re\u00fane marcas de produtos naturais, probi\u00f3ticos, fitoter\u00e1picos, tratamentos complementares, est\u00e9tica e v\u00e1rios outros.<\/p>\n\n\n\n<p>Para o nosso mercado de suplementos, a Naturaltech \u00e9 enorme. Ela traz novidades, lan\u00e7amentos.<\/p>\n\n\n\n<p>Nela voc\u00ea encontra tudo, o seu concorrente, seu cliente, fornecedor, prestador de servi\u00e7os e diversos outros. O que voc\u00ea imaginar voc\u00ea encontra na Naturaltech.<\/p>\n\n\n\n<p>N\u00f3s participamos da Naturaltech durante quatro dias e n\u00e3o conseguimos ver tudo, a feira \u00e9 realmente grande.<\/p>\n\n\n\n<p>Vinicius destaca que ficou bastante surpreendido pela Naturaltech este ano. Ano passado a feira j\u00e1 foi grande, mas tivemos alguns problemas com nosso estande, o que acabou prejudicando a nossa experi\u00eancia e dos parceiros que vieram nos visitar.<\/p>\n\n\n\n<p>Contudo, este ano tudo deu certo e ficamos muito satisfeitos com o evento.<\/p>\n\n\n\n<p>Participamos deste evento em 2016, 2019, 2022, e agora em 2023.&nbsp;<\/p>\n\n\n\n<p>De todos estes anos que participamos, este ano foi o que mais obteve novidades no ramo de suplementos.<\/p>\n\n\n\n<p>De suplementos haviam sorvetes, energ\u00e9ticos, barras de chocolate, alfajor proteico e at\u00e9 mesmo snacks proteicos (parecidos com salgadinhos).<\/p>\n\n\n\n<p>Vimos tamb\u00e9m v\u00e1rios ch\u00e1s em diferentes formas, como em sach\u00ea, in natura, bebida pronta, mono dose e at\u00e9 mesmo ch\u00e1s em c\u00e1psulas. Haviam v\u00e1rias op\u00e7\u00f5es.<\/p>\n\n\n\n<p>Hamb\u00fargueres veganos com sabor de carne tamb\u00e9m eram expostos na feira, pipocas, algod\u00e3o-doce e caf\u00e9s.<\/p>\n\n\n\n<p>Todo ano que vamos h\u00e1 novidades, e as novidades s\u00f3 aumentam. Este ano, 2023, haviam mais de 700 expositores, mais de 1400 marcas e mais de 40 mil visitantes.<\/p>\n\n\n\n<p>Um ponto interessante para destacarmos \u00e9 que fizemos clientes na feira, e os clientes j\u00e1 est\u00e3o muito mais aquecidos, pois j\u00e1 entendem o que buscam.<\/p>\n\n\n\n<p>A Naturaltech tamb\u00e9m \u00e9 uma feira de vendas, portanto, se voc\u00ea possui uma marca pr\u00f3pria e deseja vender na Naturaltech, \u00e9 totalmente poss\u00edvel.<\/p>\n\n\n\n<h2 class=\"wp-block-heading\"><span class=\"ez-toc-section\" id=\"Nossas_novidades\"><\/span>Nossas novidades<span class=\"ez-toc-section-end\"><\/span><\/h2>\n\n\n\n<p>Uma novidade que estamos trazendo, ainda em fase de testes, \u00e9 o ch\u00e1 pronto. Aqui na Capsexpress, fabricamos ch\u00e1s suplementares, por\u00e9m, estamos testando um ch\u00e1 j\u00e1 pronto, onde o consumidor abre a embalagem e toma, sem precisar colocar em \u00e1gua.<\/p>\n\n\n\n<p>Outra novidade \u00e9 a creatina em goma. A creatina possui algumas limita\u00e7\u00f5es porque \u00e9 pura, ent\u00e3o n\u00e3o \u00e9 poss\u00edvel adicionar em \u00e1gua e tomar, por exemplo, mas estamos estudando formas de fabricar a creatina em goma.<\/p>\n\n\n\n<h2 class=\"wp-block-heading\"><span class=\"ez-toc-section\" id=\"Beauty_Fair_%E2%80%93_Proxima_feira_em_setembro_de_2023\"><\/span>Beauty Fair &#8211; Pr\u00f3xima feira em setembro de 2023<span class=\"ez-toc-section-end\"><\/span><\/h2>\n\n\n\n<p>Em setembro deste ano, a Capsexpress vai marcar presen\u00e7a na Beauty Fair, a segunda maior feira de beleza do mundo.&nbsp;<\/p>\n\n\n\n<p>S\u00f3 no ano passado, haviam 220 mil visitantes na feira, e este ano o n\u00famero de visitantes tende a aumentar.<\/p>\n\n\n\n<p>Uma das novidades que vamos apresentar na Beauty Fair este ano \u00e9 uma nova goma, com novo formato, que soluciona uma nova dor de um determinado p\u00fablico.<\/p>\n\n\n\n<p>Na Beauty Fair \u00e9 poss\u00edvel apresentar novidades porque \u00e9 uma feira voltada tamb\u00e9m para novidades.&nbsp;<\/p>\n\n\n\n<p>Nela h\u00e1 equipamentos, novas formas de tratamento, conte\u00fado e palestras do ramo de beleza.&nbsp;<\/p>\n\n\n\n<h2 class=\"wp-block-heading\"><span class=\"ez-toc-section\" id=\"Consideracoes_finais\"><\/span>Considera\u00e7\u00f5es finais<span class=\"ez-toc-section-end\"><\/span><\/h2>\n\n\n\n<p>Sempre \u00e9 um grande aprendizado participar de feiras, podemos ver nossos concorrentes e clientes face \u00e0 face, realizar um atendimento diferente e conversar para trocar informa\u00e7\u00f5es.<\/p>\n\n\n\n<p>Outar feira que vamos participar em Florian\u00f3polis \u00e9 a Est\u00e9tica Alta Performance, voltada para o mercado de beleza.<\/p>\n\n\n\n<p>Nos acompanhe nas redes sociais para ficar por dentro de tudo e conferir de primeira as novidades.<\/p>\n\n\n\n<!-- Begin Brevo Form -->\n<!-- START - We recommend to place the below code in head tag of your website html  -->\n<style>\n  @font-face {\n    font-display: block;\n    font-family: Roboto;\n    src: url(https:\/\/assets.brevo.com\/font\/Roboto\/Latin\/normal\/normal\/7529907e9eaf8ebb5220c5f9850e3811.woff2) format(\"woff2\"), url(https:\/\/assets.brevo.com\/font\/Roboto\/Latin\/normal\/normal\/25c678feafdc175a70922a116c9be3e7.woff) format(\"woff\")\n  }\n\n  @font-face {\n    font-display: fallback;\n    font-family: Roboto;\n    font-weight: 600;\n    src: url(https:\/\/assets.brevo.com\/font\/Roboto\/Latin\/medium\/normal\/6e9caeeafb1f3491be3e32744bc30440.woff2) format(\"woff2\"), url(https:\/\/assets.brevo.com\/font\/Roboto\/Latin\/medium\/normal\/71501f0d8d5aa95960f6475d5487d4c2.woff) format(\"woff\")\n  }\n\n  @font-face {\n    font-display: fallback;\n    font-family: Roboto;\n    font-weight: 700;\n    src: url(https:\/\/assets.brevo.com\/font\/Roboto\/Latin\/bold\/normal\/3ef7cf158f310cf752d5ad08cd0e7e60.woff2) format(\"woff2\"), url(https:\/\/assets.brevo.com\/font\/Roboto\/Latin\/bold\/normal\/ece3a1d82f18b60bcce0211725c476aa.woff) format(\"woff\")\n  }\n\n  #sib-container input:-ms-input-placeholder {\n    text-align: left;\n    font-family: \"Helvetica\", sans-serif;\n    color: #c0ccda;\n  }\n\n  #sib-container input::placeholder {\n    text-align: left;\n    font-family: \"Helvetica\", sans-serif;\n    color: #c0ccda;\n  }\n\n  #sib-container textarea::placeholder {\n    text-align: left;\n    font-family: \"Helvetica\", sans-serif;\n    color: #c0ccda;\n  }\n\n  #sib-container a {\n    text-decoration: underline;\n    color: #2BB2FC;\n  }\n<\/style>\n<link rel=\"stylesheet\" href=\"https:\/\/sibforms.com\/forms\/end-form\/build\/sib-styles.css\">\n<!--  END - We recommend to place the above code in head tag of your website html -->\n\n<!-- START - We recommend to place the below code where you want the form in your website html  -->\n<div class=\"sib-form\" style=\"text-align: center;\n         background-color: #EFF2F7;                                 \">\n  <div id=\"sib-form-container\" class=\"sib-form-container\">\n    <div id=\"error-message\" class=\"sib-form-message-panel\" style=\"font-size:16px; text-align:left; font-family:&quot;Helvetica&quot;, sans-serif; color:#661d1d; background-color:#ffeded; border-radius:3px; border-color:#ff4949;max-width:540px;\">\n      <div class=\"sib-form-message-panel_text sib-form-message-panel_text--center\">\n        <svg viewBox=\"0 0 512 512\" class=\"sib-icon sib-notification__icon\">\n          <path d=\"M256 40c118.621 0 216 96.075 216 216 0 119.291-96.61 216-216 216-119.244 0-216-96.562-216-216 0-119.203 96.602-216 216-216m0-32C119.043 8 8 119.083 8 256c0 136.997 111.043 248 248 248s248-111.003 248-248C504 119.083 392.957 8 256 8zm-11.49 120h22.979c6.823 0 12.274 5.682 11.99 12.5l-7 168c-.268 6.428-5.556 11.5-11.99 11.5h-8.979c-6.433 0-11.722-5.073-11.99-11.5l-7-168c-.283-6.818 5.167-12.5 11.99-12.5zM256 340c-15.464 0-28 12.536-28 28s12.536 28 28 28 28-12.536 28-28-12.536-28-28-28z\" \/>\n        <\/svg>\n        <span class=\"sib-form-message-panel__inner-text\">\n                          Sua inscri\u00e7\u00e3o n\u00e3o pode ser salva, tente novamente.\n                      <\/span>\n      <\/div>\n    <\/div>\n    <div><\/div>\n    <div id=\"success-message\" class=\"sib-form-message-panel\" style=\"font-size:16px; text-align:left; font-family:&quot;Helvetica&quot;, sans-serif; color:#085229; background-color:#e7faf0; border-radius:3px; border-color:#13ce66;max-width:540px;\">\n      <div class=\"sib-form-message-panel_text sib-form-message-panel_text--center\">\n        <svg viewBox=\"0 0 512 512\" class=\"sib-icon sib-notification__icon\">\n          <path d=\"M256 8C119.033 8 8 119.033 8 256s111.033 248 248 248 248-111.033 248-248S392.967 8 256 8zm0 464c-118.664 0-216-96.055-216-216 0-118.663 96.055-216 216-216 118.664 0 216 96.055 216 216 0 118.663-96.055 216-216 216zm141.63-274.961L217.15 376.071c-4.705 4.667-12.303 4.637-16.97-.068l-85.878-86.572c-4.667-4.705-4.637-12.303.068-16.97l8.52-8.451c4.705-4.667 12.303-4.637 16.97.068l68.976 69.533 163.441-162.13c4.705-4.667 12.303-4.637 16.97.068l8.451 8.52c4.668 4.705 4.637 12.303-.068 16.97z\" \/>\n        <\/svg>\n        <span class=\"sib-form-message-panel__inner-text\">\n                          Sua inscri\u00e7\u00e3o foi bem sucedida\n                      <\/span>\n      <\/div>\n    <\/div>\n    <div><\/div>\n    <div id=\"sib-container\" class=\"sib-container--large sib-container--vertical\" style=\"text-align:center; background-color:rgba(255,255,255,1); max-width:540px; border-radius:3px; border-width:1px; border-color:#C0CCD9; border-style:solid; direction:ltr\">\n      <form id=\"sib-form\" method=\"POST\" action=\"https:\/\/d318d39f.sibforms.com\/serve\/MUIFALcZk8yYPb4eSvMNvzFxII6E6fEMYvA5zsMpLuCYYQ10SWM0RfMWhQYxzczgkOvNQgYLcOV6leoFlvA5iy5RGXpBB3Fc-EENHcGHGZjubEMKIsItVXPjjtkdkl4AW5pb1S7CCg1hybEDDsdm-AsUBeleygkl2i0cqxdszrRIe_MeWDNffQR7u8DmiecNXRKK_3bqy9BylR93\" data-type=\"subscription\">\n        <div style=\"padding: 8px 0;\">\n          <div class=\"sib-form-block\" style=\"font-size:32px; text-align:left; font-weight:700; font-family:&quot;Helvetica&quot;, sans-serif; color:#3C4858; background-color:transparent; text-align:left\">\n            <p>Newsletter<\/p>\n          <\/div>\n        <\/div>\n        <div style=\"padding: 8px 0;\">\n          <div class=\"sib-form-block\" style=\"font-size:16px; text-align:left; font-family:&quot;Helvetica&quot;, sans-serif; color:#3C4858; background-color:transparent; text-align:left\">\n            <div class=\"sib-text-form-block\">\n              <p>Inscreva-se e fique por dentro do que acontece no CapsBlog<\/p>\n            <\/div>\n          <\/div>\n        <\/div>\n        <div style=\"padding: 8px 0;\">\n          <div class=\"sib-input sib-form-block\">\n            <div class=\"form__entry entry_block\">\n              <div class=\"form__label-row \">\n                <label class=\"entry__label\" style=\"font-weight: 700; text-align:left; font-size:16px; text-align:left; font-weight:700; font-family:&quot;Helvetica&quot;, sans-serif; color:#3c4858;\" for=\"EMAIL\" data-required=\"*\">Preencha seu melhor email abaixo<\/label>\n\n                <div class=\"entry__field\">\n                  <input class=\"input \" type=\"text\" id=\"EMAIL\" name=\"EMAIL\" autocomplete=\"off\" placeholder=\"EMAIL\" data-required=\"true\" required \/>\n                <\/div>\n              <\/div>\n\n              <label class=\"entry_error entry_error--primary\" style=\"font-size:16px; text-align:left; font-family:&quot;Helvetica&quot;, sans-serif; color:#661d1d; background-color:#ffeded; border-radius:3px; border-color:#ff4949;\">\n              <\/label>\n              <label class=\"entry__specification\" style=\"font-size:12px; text-align:left; font-family:&quot;Helvetica&quot;, sans-serif; color:#8390A4; text-align:left\">\n                Provide your email address to subscribe. For e.g abc@xyz.com\n              <\/label>\n            <\/div>\n          <\/div>\n        <\/div>\n        <div style=\"padding: 8px 0;\">\n          <div class=\"sib-optin sib-form-block\" data-required=\"true\">\n            <div class=\"form__entry entry_mcq\">\n              <div class=\"form__label-row \">\n                <div class=\"entry__choice\" style=\"\">\n                  <label>\n                    <input type=\"checkbox\" class=\"input_replaced\" value=\"1\" id=\"OPT_IN\" name=\"OPT_IN\" required \/>\n                    <span class=\"checkbox checkbox_tick_positive\"\n            style=\"margin-left:\"\n            ><\/span><span style=\"font-size:14px; text-align:left; font-family:&quot;Helvetica&quot;, sans-serif; color:#3C4858; background-color:transparent;\"><p>Eu concordo em compartilhar meu email com a Capsexpress e seguir suas pol\u00edticas de privacidade<\/p><span data-required=\"*\" style=\"display: inline;\" class=\"entry_label entry_label_optin\"><\/span><\/span> <\/label>\n                <\/div>\n              <\/div>\n              <label class=\"entry_error entry_error--primary\" style=\"font-size:16px; text-align:left; font-family:&quot;Helvetica&quot;, sans-serif; color:#661d1d; background-color:#ffeded; border-radius:3px; border-color:#ff4949;\">\n              <\/label>\n              <label class=\"entry__specification\" style=\"font-size:12px; text-align:left; font-family:&quot;Helvetica&quot;, sans-serif; color:#8390A4; text-align:left\">\n                You may unsubscribe at any time using the link in our newsletter.\n              <\/label>\n            <\/div>\n          <\/div>\n        <\/div>\n        <div style=\"padding: 8px 0;\">\n          <div class=\"sib-captcha sib-form-block\">\n            <div class=\"form__entry entry_block\">\n              <div class=\"form__label-row \">\n                <script>\n                  function handleCaptchaResponse() {\n                    var event = new Event('captchaChange');\n                    document.getElementById('sib-captcha').dispatchEvent(event);\n                    window.grecaptcha = window.turnstile;\n                  }\n                <\/script>\n                <div class=\"cf-turnstile g-recaptcha\" data-sitekey=\"0x4AAAAAAAdJF-EFbDSqeVua\" id=\"sib-captcha\" data-callback=\"handleCaptchaResponse\" data-language=\"en\"><\/div>\n              <\/div>\n              <label class=\"entry_error entry_error--primary\" style=\"font-size:16px; text-align:left; font-family:&quot;Helvetica&quot;, sans-serif; color:#661d1d; background-color:#ffeded; border-radius:3px; border-color:#ff4949;\">\n              <\/label>\n            <\/div>\n          <\/div>\n        <\/div>\n        <div style=\"padding: 8px 0;\">\n          <div class=\"sib-form-block\" style=\"text-align: left\">\n            <button class=\"sib-form-block_button sib-form-block_button-with-loader\" style=\"font-size:16px; text-align:left; font-weight:700; font-family:&quot;Helvetica&quot;, sans-serif; color:#FFFFFF; background-color:#3E4857; border-radius:3px; border-width:0px;\" form=\"sib-form\" type=\"submit\">\n              <svg class=\"icon clickable_icon progress-indicator_icon sib-hide-loader-icon\" viewBox=\"0 0 512 512\">\n                <path d=\"M460.116 373.846l-20.823-12.022c-5.541-3.199-7.54-10.159-4.663-15.874 30.137-59.886 28.343-131.652-5.386-189.946-33.641-58.394-94.896-95.833-161.827-99.676C261.028 55.961 256 50.751 256 44.352V20.309c0-6.904 5.808-12.337 12.703-11.982 83.556 4.306 160.163 50.864 202.11 123.677 42.063 72.696 44.079 162.316 6.031 236.832-3.14 6.148-10.75 8.461-16.728 5.01z\" \/>\n              <\/svg>\n              SUBSCRIBE\n            <\/button>\n          <\/div>\n        <\/div>\n\n        <input type=\"text\" name=\"email_address_check\" value=\"\" class=\"input--hidden\">\n        <input type=\"hidden\" name=\"locale\" value=\"en\">\n      <\/form>\n    <\/div>\n  <\/div>\n<\/div>\n<!-- END - We recommend to place the above code where you want the form in your website html  -->\n\n<!-- START - We recommend to place the below code in footer or bottom of your website html  -->\n<script>\n  window.REQUIRED_CODE_ERROR_MESSAGE = 'Please choose a country code';\n  window.LOCALE = 'en';\n  window.EMAIL_INVALID_MESSAGE = window.SMS_INVALID_MESSAGE = \"Informa\u00e7\u00e3o inv\u00e1lida, tente preencher os campos novamente.\";\n\n  window.REQUIRED_ERROR_MESSAGE = \"Esse campo \u00e9 obrigat\u00f3rio. \";\n\n  window.GENERIC_INVALID_MESSAGE = \"Informa\u00e7\u00e3o inv\u00e1lida, tente preencher os campos novamente.\";\n\n\n\n\n  window.translation = {\n    common: {\n      selectedList: '{quantity} list selected',\n      selectedLists: '{quantity} lists selected'\n    }\n  };\n\n  var AUTOHIDE = Boolean(1);\n<\/script>\n\n<script defer src=\"https:\/\/sibforms.com\/forms\/end-form\/build\/main.js\"><\/script>\n\n<script src=\"https:\/\/challenges.cloudflare.com\/turnstile\/v0\/api.js\" async defer><\/script>\n\n<!-- END - We recommend to place the above code in footer or bottom of your website html  -->\n<!-- End Brevo Form -->\n","protected":false},"excerpt":{"rendered":"<p>Em mais um epis\u00f3dio do Capscast, o nosso podcast do mercado digital, vamos abordar as feiras para o mercado de [&hellip;]<\/p>\n","protected":false},"author":8,"featured_media":3555,"comment_status":"open","ping_status":"open","sticky":false,"template":"","format":"standard","meta":{"site-sidebar-layout":"default","site-content-layout":"","ast-site-content-layout":"default","site-content-style":"default","site-sidebar-style":"default","ast-global-header-display":"","ast-banner-title-visibility":"","ast-main-header-display":"","ast-hfb-above-header-display":"","ast-hfb-below-header-display":"","ast-hfb-mobile-header-display":"","site-post-title":"","ast-breadcrumbs-content":"","ast-featured-img":"","footer-sml-layout":"","ast-disable-related-posts":"","theme-transparent-header-meta":"","adv-header-id-meta":"","stick-header-meta":"","header-above-stick-meta":"","header-main-stick-meta":"","header-below-stick-meta":"","astra-migrate-meta-layouts":"default","ast-page-background-enabled":"default","ast-page-background-meta":{"desktop":{"background-color":"var(--ast-global-color-4)","background-image":"","background-repeat":"repeat","background-position":"center center","background-size":"auto","background-attachment":"scroll","background-type":"","background-media":"","overlay-type":"","overlay-color":"","overlay-opacity":"","overlay-gradient":""},"tablet":{"background-color":"","background-image":"","background-repeat":"repeat","background-position":"center center","background-size":"auto","background-attachment":"scroll","background-type":"","background-media":"","overlay-type":"","overlay-color":"","overlay-opacity":"","overlay-gradient":""},"mobile":{"background-color":"","background-image":"","background-repeat":"repeat","background-position":"center center","background-size":"auto","background-attachment":"scroll","background-type":"","background-media":"","overlay-type":"","overlay-color":"","overlay-opacity":"","overlay-gradient":""}},"ast-content-background-meta":{"desktop":{"background-color":"var(--ast-global-color-5)","background-image":"","background-repeat":"repeat","background-position":"center center","background-size":"auto","background-attachment":"scroll","background-type":"","background-media":"","overlay-type":"","overlay-color":"","overlay-opacity":"","overlay-gradient":""},"tablet":{"background-color":"var(--ast-global-color-5)","background-image":"","background-repeat":"repeat","background-position":"center center","background-size":"auto","background-attachment":"scroll","background-type":"","background-media":"","overlay-type":"","overlay-color":"","overlay-opacity":"","overlay-gradient":""},"mobile":{"background-color":"var(--ast-global-color-5)","background-image":"","background-repeat":"repeat","background-position":"center center","background-size":"auto","background-attachment":"scroll","background-type":"","background-media":"","overlay-type":"","overlay-color":"","overlay-opacity":"","overlay-gradient":""}},"footnotes":""},"categories":[8],"tags":[],"class_list":["post-3553","post","type-post","status-publish","format-standard","has-post-thumbnail","hentry","category-empreendedorismo"],"yoast_head":"<!-- This site is optimized with the Yoast SEO plugin v27.4 - https:\/\/yoast.com\/product\/yoast-seo-wordpress\/ -->\n<title>Capscast T3 E09 - Feiras imperd\u00edveis do mercado de suplementos<\/title>\n<meta name=\"description\" content=\"Feiras de suplementos s\u00e3o \u00f3timas para realziar networking, mostrar seu produto e vend\u00ea-lo. Confira as melhores feiras para voc\u00ea participar.\" \/>\n<meta name=\"robots\" content=\"index, follow, max-snippet:-1, max-image-preview:large, max-video-preview:-1\" \/>\n<link rel=\"canonical\" href=\"https:\/\/capsexpress.com.br\/blog\/capscast-feiras-imperdiveis-mercado-suplementos\/\" \/>\n<meta property=\"og:locale\" content=\"pt_BR\" \/>\n<meta property=\"og:type\" content=\"article\" \/>\n<meta property=\"og:title\" content=\"Capscast T3 E09 - Feiras imperd\u00edveis do mercado de suplementos\" \/>\n<meta property=\"og:description\" content=\"Feiras de suplementos s\u00e3o \u00f3timas para realziar networking, mostrar seu produto e vend\u00ea-lo. Confira as melhores feiras para voc\u00ea participar.\" \/>\n<meta property=\"og:url\" content=\"https:\/\/capsexpress.com.br\/blog\/capscast-feiras-imperdiveis-mercado-suplementos\/\" \/>\n<meta property=\"og:site_name\" content=\"Capsexpress\" \/>\n<meta property=\"article:publisher\" content=\"https:\/\/www.facebook.com\/CapsExpressBRA\/\" \/>\n<meta property=\"article:published_time\" content=\"2023-08-23T12:30:53+00:00\" \/>\n<meta property=\"article:modified_time\" content=\"2024-07-18T18:19:51+00:00\" \/>\n<meta property=\"og:image\" content=\"https:\/\/capsexpress.com.br\/blog\/wp-content\/uploads\/2023\/08\/CapsCast-Ep-9-FEIRAS-YOUTUBE.jpg\" \/>\n\t<meta property=\"og:image:width\" content=\"1920\" \/>\n\t<meta property=\"og:image:height\" content=\"1080\" \/>\n\t<meta property=\"og:image:type\" content=\"image\/jpeg\" \/>\n<meta name=\"author\" content=\"Renato Barcellos\" \/>\n<meta name=\"twitter:card\" content=\"summary_large_image\" \/>\n<meta name=\"twitter:label1\" content=\"Escrito por\" \/>\n\t<meta name=\"twitter:data1\" content=\"Renato Barcellos\" \/>\n\t<meta name=\"twitter:label2\" content=\"Est. tempo de leitura\" \/>\n\t<meta name=\"twitter:data2\" content=\"9 minutos\" \/>\n<script type=\"application\/ld+json\" class=\"yoast-schema-graph\">{\"@context\":\"https:\\\/\\\/schema.org\",\"@graph\":[{\"@type\":[\"Article\",\"BlogPosting\"],\"@id\":\"https:\\\/\\\/capsexpress.com.br\\\/blog\\\/capscast-feiras-imperdiveis-mercado-suplementos\\\/#article\",\"isPartOf\":{\"@id\":\"https:\\\/\\\/capsexpress.com.br\\\/blog\\\/capscast-feiras-imperdiveis-mercado-suplementos\\\/\"},\"author\":{\"name\":\"Renato Barcellos\",\"@id\":\"https:\\\/\\\/capsexpress.com.br\\\/blog\\\/#\\\/schema\\\/person\\\/0986ed7ad91a536965ab960fb750dc0c\"},\"headline\":\"Capscast T3 E09 &#8211; Feiras imperd\u00edveis do mercado de suplementos\",\"datePublished\":\"2023-08-23T12:30:53+00:00\",\"dateModified\":\"2024-07-18T18:19:51+00:00\",\"mainEntityOfPage\":{\"@id\":\"https:\\\/\\\/capsexpress.com.br\\\/blog\\\/capscast-feiras-imperdiveis-mercado-suplementos\\\/\"},\"wordCount\":1476,\"commentCount\":0,\"publisher\":{\"@id\":\"https:\\\/\\\/capsexpress.com.br\\\/blog\\\/#organization\"},\"image\":{\"@id\":\"https:\\\/\\\/capsexpress.com.br\\\/blog\\\/capscast-feiras-imperdiveis-mercado-suplementos\\\/#primaryimage\"},\"thumbnailUrl\":\"https:\\\/\\\/capsexpress.com.br\\\/blog\\\/wp-content\\\/uploads\\\/2023\\\/08\\\/CapsCast-Ep-9-FEIRAS-YOUTUBE.jpg\",\"articleSection\":[\"Empreendedorismo\"],\"inLanguage\":\"pt-BR\",\"potentialAction\":[{\"@type\":\"CommentAction\",\"name\":\"Comment\",\"target\":[\"https:\\\/\\\/capsexpress.com.br\\\/blog\\\/capscast-feiras-imperdiveis-mercado-suplementos\\\/#respond\"]}]},{\"@type\":\"WebPage\",\"@id\":\"https:\\\/\\\/capsexpress.com.br\\\/blog\\\/capscast-feiras-imperdiveis-mercado-suplementos\\\/\",\"url\":\"https:\\\/\\\/capsexpress.com.br\\\/blog\\\/capscast-feiras-imperdiveis-mercado-suplementos\\\/\",\"name\":\"Capscast T3 E09 - Feiras imperd\u00edveis do mercado de suplementos\",\"isPartOf\":{\"@id\":\"https:\\\/\\\/capsexpress.com.br\\\/blog\\\/#website\"},\"primaryImageOfPage\":{\"@id\":\"https:\\\/\\\/capsexpress.com.br\\\/blog\\\/capscast-feiras-imperdiveis-mercado-suplementos\\\/#primaryimage\"},\"image\":{\"@id\":\"https:\\\/\\\/capsexpress.com.br\\\/blog\\\/capscast-feiras-imperdiveis-mercado-suplementos\\\/#primaryimage\"},\"thumbnailUrl\":\"https:\\\/\\\/capsexpress.com.br\\\/blog\\\/wp-content\\\/uploads\\\/2023\\\/08\\\/CapsCast-Ep-9-FEIRAS-YOUTUBE.jpg\",\"datePublished\":\"2023-08-23T12:30:53+00:00\",\"dateModified\":\"2024-07-18T18:19:51+00:00\",\"description\":\"Feiras de suplementos s\u00e3o \u00f3timas para realziar networking, mostrar seu produto e vend\u00ea-lo. Confira as melhores feiras para voc\u00ea participar.\",\"breadcrumb\":{\"@id\":\"https:\\\/\\\/capsexpress.com.br\\\/blog\\\/capscast-feiras-imperdiveis-mercado-suplementos\\\/#breadcrumb\"},\"inLanguage\":\"pt-BR\",\"potentialAction\":[{\"@type\":\"ReadAction\",\"target\":[\"https:\\\/\\\/capsexpress.com.br\\\/blog\\\/capscast-feiras-imperdiveis-mercado-suplementos\\\/\"]}]},{\"@type\":\"ImageObject\",\"inLanguage\":\"pt-BR\",\"@id\":\"https:\\\/\\\/capsexpress.com.br\\\/blog\\\/capscast-feiras-imperdiveis-mercado-suplementos\\\/#primaryimage\",\"url\":\"https:\\\/\\\/capsexpress.com.br\\\/blog\\\/wp-content\\\/uploads\\\/2023\\\/08\\\/CapsCast-Ep-9-FEIRAS-YOUTUBE.jpg\",\"contentUrl\":\"https:\\\/\\\/capsexpress.com.br\\\/blog\\\/wp-content\\\/uploads\\\/2023\\\/08\\\/CapsCast-Ep-9-FEIRAS-YOUTUBE.jpg\",\"width\":1920,\"height\":1080,\"caption\":\"Imagem capscast - feiras imperd\u00edveis de suplementos.\"},{\"@type\":\"BreadcrumbList\",\"@id\":\"https:\\\/\\\/capsexpress.com.br\\\/blog\\\/capscast-feiras-imperdiveis-mercado-suplementos\\\/#breadcrumb\",\"itemListElement\":[{\"@type\":\"ListItem\",\"position\":1,\"name\":\"In\u00edcio\",\"item\":\"https:\\\/\\\/capsexpress.com.br\\\/blog\\\/\"},{\"@type\":\"ListItem\",\"position\":2,\"name\":\"Capscast T3 E09 &#8211; Feiras imperd\u00edveis do mercado de suplementos\"}]},{\"@type\":\"WebSite\",\"@id\":\"https:\\\/\\\/capsexpress.com.br\\\/blog\\\/#website\",\"url\":\"https:\\\/\\\/capsexpress.com.br\\\/blog\\\/\",\"name\":\"Capsexpress\",\"description\":\"Suplementos e solu\u00e7\u00f5es para marca pr\u00f3pria\",\"publisher\":{\"@id\":\"https:\\\/\\\/capsexpress.com.br\\\/blog\\\/#organization\"},\"potentialAction\":[{\"@type\":\"SearchAction\",\"target\":{\"@type\":\"EntryPoint\",\"urlTemplate\":\"https:\\\/\\\/capsexpress.com.br\\\/blog\\\/?s={search_term_string}\"},\"query-input\":{\"@type\":\"PropertyValueSpecification\",\"valueRequired\":true,\"valueName\":\"search_term_string\"}}],\"inLanguage\":\"pt-BR\"},{\"@type\":\"Organization\",\"@id\":\"https:\\\/\\\/capsexpress.com.br\\\/blog\\\/#organization\",\"name\":\"CapsExpress\",\"url\":\"https:\\\/\\\/capsexpress.com.br\\\/blog\\\/\",\"logo\":{\"@type\":\"ImageObject\",\"inLanguage\":\"pt-BR\",\"@id\":\"https:\\\/\\\/capsexpress.com.br\\\/blog\\\/#\\\/schema\\\/logo\\\/image\\\/\",\"url\":\"https:\\\/\\\/capsexpress.com.br\\\/blog\\\/wp-content\\\/uploads\\\/2019\\\/08\\\/capsexpresslogo.png\",\"contentUrl\":\"https:\\\/\\\/capsexpress.com.br\\\/blog\\\/wp-content\\\/uploads\\\/2019\\\/08\\\/capsexpresslogo.png\",\"width\":230,\"height\":90,\"caption\":\"CapsExpress\"},\"image\":{\"@id\":\"https:\\\/\\\/capsexpress.com.br\\\/blog\\\/#\\\/schema\\\/logo\\\/image\\\/\"},\"sameAs\":[\"https:\\\/\\\/www.facebook.com\\\/CapsExpressBRA\\\/\",\"https:\\\/\\\/www.instagram.com\\\/capsexpressbra\\\/\",\"https:\\\/\\\/www.youtube.com\\\/Capsexpress\"]},{\"@type\":\"Person\",\"@id\":\"https:\\\/\\\/capsexpress.com.br\\\/blog\\\/#\\\/schema\\\/person\\\/0986ed7ad91a536965ab960fb750dc0c\",\"name\":\"Renato Barcellos\",\"image\":{\"@type\":\"ImageObject\",\"inLanguage\":\"pt-BR\",\"@id\":\"https:\\\/\\\/capsexpress.com.br\\\/blog\\\/wp-content\\\/uploads\\\/2025\\\/07\\\/Flux_Dev_A_realistic_portrait_of_a_professional_male_journalis_3.jpg\",\"url\":\"https:\\\/\\\/capsexpress.com.br\\\/blog\\\/wp-content\\\/uploads\\\/2025\\\/07\\\/Flux_Dev_A_realistic_portrait_of_a_professional_male_journalis_3.jpg\",\"contentUrl\":\"https:\\\/\\\/capsexpress.com.br\\\/blog\\\/wp-content\\\/uploads\\\/2025\\\/07\\\/Flux_Dev_A_realistic_portrait_of_a_professional_male_journalis_3.jpg\",\"caption\":\"Renato Barcellos\"},\"description\":\"Sobre o Autor: Renato Barcellos \u00e9 editor do Blog da Capsexpress e especialista em marcas pr\u00f3prias, estrat\u00e9gias de posicionamento e neg\u00f3cios escal\u00e1veis no setor de suplementos e bens de consumo. Com forma\u00e7\u00e3o em Comunica\u00e7\u00e3o e ampla viv\u00eancia no mercado editorial, j\u00e1 colaborou com publica\u00e7\u00f5es voltadas ao empreendedorismo, inova\u00e7\u00e3o e ind\u00fastria. Na Capsexpress, conecta conhecimento pr\u00e1tico com an\u00e1lise cr\u00edtica para ajudar empreendedores a transformarem boas ideias em neg\u00f3cios reais \u2014 sustent\u00e1veis, lucrativos e preparados para crescer.\",\"sameAs\":[\"RenatobarcelosC\"],\"url\":\"https:\\\/\\\/capsexpress.com.br\\\/blog\\\/author\\\/isaceugenio\\\/\"}]}<\/script>\n<!-- \/ Yoast SEO plugin. -->","yoast_head_json":{"title":"Capscast T3 E09 - Feiras imperd\u00edveis do mercado de suplementos","description":"Feiras de suplementos s\u00e3o \u00f3timas para realziar networking, mostrar seu produto e vend\u00ea-lo. Confira as melhores feiras para voc\u00ea participar.","robots":{"index":"index","follow":"follow","max-snippet":"max-snippet:-1","max-image-preview":"max-image-preview:large","max-video-preview":"max-video-preview:-1"},"canonical":"https:\/\/capsexpress.com.br\/blog\/capscast-feiras-imperdiveis-mercado-suplementos\/","og_locale":"pt_BR","og_type":"article","og_title":"Capscast T3 E09 - Feiras imperd\u00edveis do mercado de suplementos","og_description":"Feiras de suplementos s\u00e3o \u00f3timas para realziar networking, mostrar seu produto e vend\u00ea-lo. Confira as melhores feiras para voc\u00ea participar.","og_url":"https:\/\/capsexpress.com.br\/blog\/capscast-feiras-imperdiveis-mercado-suplementos\/","og_site_name":"Capsexpress","article_publisher":"https:\/\/www.facebook.com\/CapsExpressBRA\/","article_published_time":"2023-08-23T12:30:53+00:00","article_modified_time":"2024-07-18T18:19:51+00:00","og_image":[{"width":1920,"height":1080,"url":"https:\/\/capsexpress.com.br\/blog\/wp-content\/uploads\/2023\/08\/CapsCast-Ep-9-FEIRAS-YOUTUBE.jpg","type":"image\/jpeg"}],"author":"Renato Barcellos","twitter_card":"summary_large_image","twitter_misc":{"Escrito por":"Renato Barcellos","Est. tempo de leitura":"9 minutos"},"schema":{"@context":"https:\/\/schema.org","@graph":[{"@type":["Article","BlogPosting"],"@id":"https:\/\/capsexpress.com.br\/blog\/capscast-feiras-imperdiveis-mercado-suplementos\/#article","isPartOf":{"@id":"https:\/\/capsexpress.com.br\/blog\/capscast-feiras-imperdiveis-mercado-suplementos\/"},"author":{"name":"Renato Barcellos","@id":"https:\/\/capsexpress.com.br\/blog\/#\/schema\/person\/0986ed7ad91a536965ab960fb750dc0c"},"headline":"Capscast T3 E09 &#8211; Feiras imperd\u00edveis do mercado de suplementos","datePublished":"2023-08-23T12:30:53+00:00","dateModified":"2024-07-18T18:19:51+00:00","mainEntityOfPage":{"@id":"https:\/\/capsexpress.com.br\/blog\/capscast-feiras-imperdiveis-mercado-suplementos\/"},"wordCount":1476,"commentCount":0,"publisher":{"@id":"https:\/\/capsexpress.com.br\/blog\/#organization"},"image":{"@id":"https:\/\/capsexpress.com.br\/blog\/capscast-feiras-imperdiveis-mercado-suplementos\/#primaryimage"},"thumbnailUrl":"https:\/\/capsexpress.com.br\/blog\/wp-content\/uploads\/2023\/08\/CapsCast-Ep-9-FEIRAS-YOUTUBE.jpg","articleSection":["Empreendedorismo"],"inLanguage":"pt-BR","potentialAction":[{"@type":"CommentAction","name":"Comment","target":["https:\/\/capsexpress.com.br\/blog\/capscast-feiras-imperdiveis-mercado-suplementos\/#respond"]}]},{"@type":"WebPage","@id":"https:\/\/capsexpress.com.br\/blog\/capscast-feiras-imperdiveis-mercado-suplementos\/","url":"https:\/\/capsexpress.com.br\/blog\/capscast-feiras-imperdiveis-mercado-suplementos\/","name":"Capscast T3 E09 - Feiras imperd\u00edveis do mercado de suplementos","isPartOf":{"@id":"https:\/\/capsexpress.com.br\/blog\/#website"},"primaryImageOfPage":{"@id":"https:\/\/capsexpress.com.br\/blog\/capscast-feiras-imperdiveis-mercado-suplementos\/#primaryimage"},"image":{"@id":"https:\/\/capsexpress.com.br\/blog\/capscast-feiras-imperdiveis-mercado-suplementos\/#primaryimage"},"thumbnailUrl":"https:\/\/capsexpress.com.br\/blog\/wp-content\/uploads\/2023\/08\/CapsCast-Ep-9-FEIRAS-YOUTUBE.jpg","datePublished":"2023-08-23T12:30:53+00:00","dateModified":"2024-07-18T18:19:51+00:00","description":"Feiras de suplementos s\u00e3o \u00f3timas para realziar networking, mostrar seu produto e vend\u00ea-lo. Confira as melhores feiras para voc\u00ea participar.","breadcrumb":{"@id":"https:\/\/capsexpress.com.br\/blog\/capscast-feiras-imperdiveis-mercado-suplementos\/#breadcrumb"},"inLanguage":"pt-BR","potentialAction":[{"@type":"ReadAction","target":["https:\/\/capsexpress.com.br\/blog\/capscast-feiras-imperdiveis-mercado-suplementos\/"]}]},{"@type":"ImageObject","inLanguage":"pt-BR","@id":"https:\/\/capsexpress.com.br\/blog\/capscast-feiras-imperdiveis-mercado-suplementos\/#primaryimage","url":"https:\/\/capsexpress.com.br\/blog\/wp-content\/uploads\/2023\/08\/CapsCast-Ep-9-FEIRAS-YOUTUBE.jpg","contentUrl":"https:\/\/capsexpress.com.br\/blog\/wp-content\/uploads\/2023\/08\/CapsCast-Ep-9-FEIRAS-YOUTUBE.jpg","width":1920,"height":1080,"caption":"Imagem capscast - feiras imperd\u00edveis de suplementos."},{"@type":"BreadcrumbList","@id":"https:\/\/capsexpress.com.br\/blog\/capscast-feiras-imperdiveis-mercado-suplementos\/#breadcrumb","itemListElement":[{"@type":"ListItem","position":1,"name":"In\u00edcio","item":"https:\/\/capsexpress.com.br\/blog\/"},{"@type":"ListItem","position":2,"name":"Capscast T3 E09 &#8211; Feiras imperd\u00edveis do mercado de suplementos"}]},{"@type":"WebSite","@id":"https:\/\/capsexpress.com.br\/blog\/#website","url":"https:\/\/capsexpress.com.br\/blog\/","name":"Capsexpress","description":"Suplementos e solu\u00e7\u00f5es para marca pr\u00f3pria","publisher":{"@id":"https:\/\/capsexpress.com.br\/blog\/#organization"},"potentialAction":[{"@type":"SearchAction","target":{"@type":"EntryPoint","urlTemplate":"https:\/\/capsexpress.com.br\/blog\/?s={search_term_string}"},"query-input":{"@type":"PropertyValueSpecification","valueRequired":true,"valueName":"search_term_string"}}],"inLanguage":"pt-BR"},{"@type":"Organization","@id":"https:\/\/capsexpress.com.br\/blog\/#organization","name":"CapsExpress","url":"https:\/\/capsexpress.com.br\/blog\/","logo":{"@type":"ImageObject","inLanguage":"pt-BR","@id":"https:\/\/capsexpress.com.br\/blog\/#\/schema\/logo\/image\/","url":"https:\/\/capsexpress.com.br\/blog\/wp-content\/uploads\/2019\/08\/capsexpresslogo.png","contentUrl":"https:\/\/capsexpress.com.br\/blog\/wp-content\/uploads\/2019\/08\/capsexpresslogo.png","width":230,"height":90,"caption":"CapsExpress"},"image":{"@id":"https:\/\/capsexpress.com.br\/blog\/#\/schema\/logo\/image\/"},"sameAs":["https:\/\/www.facebook.com\/CapsExpressBRA\/","https:\/\/www.instagram.com\/capsexpressbra\/","https:\/\/www.youtube.com\/Capsexpress"]},{"@type":"Person","@id":"https:\/\/capsexpress.com.br\/blog\/#\/schema\/person\/0986ed7ad91a536965ab960fb750dc0c","name":"Renato Barcellos","image":{"@type":"ImageObject","inLanguage":"pt-BR","@id":"https:\/\/capsexpress.com.br\/blog\/wp-content\/uploads\/2025\/07\/Flux_Dev_A_realistic_portrait_of_a_professional_male_journalis_3.jpg","url":"https:\/\/capsexpress.com.br\/blog\/wp-content\/uploads\/2025\/07\/Flux_Dev_A_realistic_portrait_of_a_professional_male_journalis_3.jpg","contentUrl":"https:\/\/capsexpress.com.br\/blog\/wp-content\/uploads\/2025\/07\/Flux_Dev_A_realistic_portrait_of_a_professional_male_journalis_3.jpg","caption":"Renato Barcellos"},"description":"Sobre o Autor: Renato Barcellos \u00e9 editor do Blog da Capsexpress e especialista em marcas pr\u00f3prias, estrat\u00e9gias de posicionamento e neg\u00f3cios escal\u00e1veis no setor de suplementos e bens de consumo. Com forma\u00e7\u00e3o em Comunica\u00e7\u00e3o e ampla viv\u00eancia no mercado editorial, j\u00e1 colaborou com publica\u00e7\u00f5es voltadas ao empreendedorismo, inova\u00e7\u00e3o e ind\u00fastria. Na Capsexpress, conecta conhecimento pr\u00e1tico com an\u00e1lise cr\u00edtica para ajudar empreendedores a transformarem boas ideias em neg\u00f3cios reais \u2014 sustent\u00e1veis, lucrativos e preparados para crescer.","sameAs":["RenatobarcelosC"],"url":"https:\/\/capsexpress.com.br\/blog\/author\/isaceugenio\/"}]}},"_links":{"self":[{"href":"https:\/\/capsexpress.com.br\/blog\/wp-json\/wp\/v2\/posts\/3553","targetHints":{"allow":["GET"]}}],"collection":[{"href":"https:\/\/capsexpress.com.br\/blog\/wp-json\/wp\/v2\/posts"}],"about":[{"href":"https:\/\/capsexpress.com.br\/blog\/wp-json\/wp\/v2\/types\/post"}],"author":[{"embeddable":true,"href":"https:\/\/capsexpress.com.br\/blog\/wp-json\/wp\/v2\/users\/8"}],"replies":[{"embeddable":true,"href":"https:\/\/capsexpress.com.br\/blog\/wp-json\/wp\/v2\/comments?post=3553"}],"version-history":[{"count":5,"href":"https:\/\/capsexpress.com.br\/blog\/wp-json\/wp\/v2\/posts\/3553\/revisions"}],"predecessor-version":[{"id":4689,"href":"https:\/\/capsexpress.com.br\/blog\/wp-json\/wp\/v2\/posts\/3553\/revisions\/4689"}],"wp:featuredmedia":[{"embeddable":true,"href":"https:\/\/capsexpress.com.br\/blog\/wp-json\/wp\/v2\/media\/3555"}],"wp:attachment":[{"href":"https:\/\/capsexpress.com.br\/blog\/wp-json\/wp\/v2\/media?parent=3553"}],"wp:term":[{"taxonomy":"category","embeddable":true,"href":"https:\/\/capsexpress.com.br\/blog\/wp-json\/wp\/v2\/categories?post=3553"},{"taxonomy":"post_tag","embeddable":true,"href":"https:\/\/capsexpress.com.br\/blog\/wp-json\/wp\/v2\/tags?post=3553"}],"curies":[{"name":"wp","href":"https:\/\/api.w.org\/{rel}","templated":true}]}}